{"id":51017,"date":"2022-10-04T08:41:24","date_gmt":"2022-10-04T14:41:24","guid":{"rendered":"http:\/\/bambapolitica.com.mx\/?p=51017"},"modified":"2022-10-04T08:41:26","modified_gmt":"2022-10-04T14:41:26","slug":"mueren-al-menos-15-presos-durante-enfrentamiento-armado-en-carcel-de-ecuador","status":"publish","type":"post","link":"https:\/\/bambapolitica.com.mx\/index.php\/2022\/10\/04\/mueren-al-menos-15-presos-durante-enfrentamiento-armado-en-carcel-de-ecuador\/","title":{"rendered":"Mueren al menos 15 presos durante enfrentamiento armado en c\u00e1rcel de Ecuador"},"content":{"rendered":"\n<p>martes, 4 de octubre de 2022<\/p>\n\n\n\n<p>Los reclusos se enfrentaron con cuchillos y armas de fuego.<br>Al menos 15 presos murieron y otros 21 resultaron heridos en un enfrentamiento armado entre bandas del narcotr\u00e1fico en una penitenciar\u00eda de Ecuador; es la octava matanza carcelaria desde 2021.<\/p>\n\n\n\n<p>Seg\u00fan Juan Zapata, ministro del Interior, tres de los 21 lesionados est\u00e1n en estado cr\u00edtico y los 15 presos asesinados se suman a las 400 v\u00edctimas que han muerto en enfrentamientos penitenciaros.<br>Zapata agreg\u00f3 que la intervenci\u00f3n de 350 polic\u00edas y 250 militares permiti\u00f3 que &#8220;se tomara el control tanto de los pabellones de media y baja&#8221; peligrosidad de la c\u00e1rcel de Latacunga (en el centro andino y capital de la provincia de Cotopaxi), en los que se desat\u00f3 la revuelta.<\/p>\n\n\n\n<p>Ese moderno reclusorio, con unos cuatro mil 300 presos y uno de las m\u00e1s importantes del pa\u00eds, ya fue escenario de dos de las masacres ocurridas desde febrero de 2021.<\/p>\n\n\n\n<p>Para restablecer el orden, Zapata dijo que &#8220;se pudo ingresar&#8221; a la c\u00e1rcel con el apoyo del Ej\u00e9rcito, algo que permiten las nuevas disposiciones en la ley que regula el uso de la fuerza para militares y polic\u00edas.<\/p>\n\n\n\n<p>El SNAI, el organismo estatal que administra las prisiones, y la Fiscal\u00eda presentaron el mismo balance luego del enfrentamiento entre reclusos miembros de organizaciones del narco, que sostienen una guerra por el poder.<\/p>\n\n\n\n<p>En una entrevista concedida el lunes por la noche al canal TC Televisi\u00f3n, el presidente ecuatoriano Guillermo Lasso expres\u00f3 &#8220;un mensaje de condolencia y de solidaridad con los familiares de aquellos que han muerto hoy en (la c\u00e1rcel de) Cotopaxi&#8221;.<\/p>\n\n\n\n<p>Temen por m\u00e1s revueltas<br>El subdirector del SNAI, Jorge Flores, dijo a la prensa que el jefe narco Leandro Norero estar\u00eda entre los muertos.<\/p>\n\n\n\n<p>&#8220;De lo que podemos conocer, preliminarmente, el ciudadano Leandro Norero estar\u00eda entre las personas v\u00edctimas&#8221;, se\u00f1al\u00f3.<\/p>\n\n\n\n<p>Norero, conocido con el alias de \u2018El Patr\u00f3n\u2019, fue arrestado en mayo por el presunto delito de lavado de activos, en una operaci\u00f3n en la que se decomisaron 6,4 millones de d\u00f3lares que ten\u00eda en una vivienda, 24 lingotes de oro, armas de fuego y municiones.<\/p>\n\n\n\n<p>Al parecer, el hombre que tambi\u00e9n afrontaba una orden de prisi\u00f3n en Per\u00fa, pas\u00f3 a ser uno de los jefes entre los reclusos.<\/p>\n\n\n\n<p>Cabe mencionar que en 2021 la superpoblaci\u00f3n carcelaria era de 30 por ciento pero se ha reducido con indultos presidenciales y la aplicaci\u00f3n de beneficios por buena conducta para los presos.<\/p>\n","protected":false},"excerpt":{"rendered":"<p>martes, 4 de octubre de 2022 Los reclusos se enfrentaron con cuchillos y armas de&#8230;<\/p>\n","protected":false},"author":3,"featured_media":51018,"comment_status":"closed","ping_status":"closed","sticky":false,"template":"","format":"standard","meta":{"footnotes":""},"categories":[5],"tags":[],"class_list":["post-51017","post","type-post","status-publish","format-standard","has-post-thumbnail","hentry","category-internacional"],"_links":{"self":[{"href":"https:\/\/bambapolitica.com.mx\/index.php\/wp-json\/wp\/v2\/posts\/51017","targetHints":{"allow":["GET"]}}],"collection":[{"href":"https:\/\/bambapolitica.com.mx\/index.php\/wp-json\/wp\/v2\/posts"}],"about":[{"href":"https:\/\/bambapolitica.com.mx\/index.php\/wp-json\/wp\/v2\/types\/post"}],"author":[{"embeddable":true,"href":"https:\/\/bambapolitica.com.mx\/index.php\/wp-json\/wp\/v2\/users\/3"}],"replies":[{"embeddable":true,"href":"https:\/\/bambapolitica.com.mx\/index.php\/wp-json\/wp\/v2\/comments?post=51017"}],"version-history":[{"count":1,"href":"https:\/\/bambapolitica.com.mx\/index.php\/wp-json\/wp\/v2\/posts\/51017\/revisions"}],"predecessor-version":[{"id":51019,"href":"https:\/\/bambapolitica.com.mx\/index.php\/wp-json\/wp\/v2\/posts\/51017\/revisions\/51019"}],"wp:featuredmedia":[{"embeddable":true,"href":"https:\/\/bambapolitica.com.mx\/index.php\/wp-json\/wp\/v2\/media\/51018"}],"wp:attachment":[{"href":"https:\/\/bambapolitica.com.mx\/index.php\/wp-json\/wp\/v2\/media?parent=51017"}],"wp:term":[{"taxonomy":"category","embeddable":true,"href":"https:\/\/bambapolitica.com.mx\/index.php\/wp-json\/wp\/v2\/categories?post=51017"},{"taxonomy":"post_tag","embeddable":true,"href":"https:\/\/bambapolitica.com.mx\/index.php\/wp-json\/wp\/v2\/tags?post=51017"}],"curies":[{"name":"wp","href":"https:\/\/api.w.org\/{rel}","templated":true}]}}