{"id":52298,"date":"2022-11-02T19:27:27","date_gmt":"2022-11-03T01:27:27","guid":{"rendered":"http:\/\/bambapolitica.com.mx\/?p=52298"},"modified":"2022-11-02T19:27:28","modified_gmt":"2022-11-03T01:27:28","slug":"condenan-a-cadena-perpetua-a-nikolas-cruz-autor-de-la-masacre-de-parkland","status":"publish","type":"post","link":"https:\/\/bambapolitica.com.mx\/index.php\/2022\/11\/02\/condenan-a-cadena-perpetua-a-nikolas-cruz-autor-de-la-masacre-de-parkland\/","title":{"rendered":"<a href=\"https:\/\/lopezdoriga.com\/internacional\/condenan-a-cadena-perpetua-a-nikolas-cruz-autor-de-la-masacre-de-parkland\/\"><strong>Condenan a cadena perpetua a Nikolas Cruz, autor de la masacre de Parkland<\/strong><\/a>"},"content":{"rendered":"\n<p><strong>2 noviembre 2022<\/strong><\/p>\n\n\n\n<p>El joven autor de la matanza en 2018 en una <a href=\"https:\/\/lopezdoriga.com\/?s=Parkland\">escuela<\/a> secundaria de Parkland, en el sur de Florida, Nikolas Cruz, fue condenado formalmente a cadena perpetua sin posibilidad de libertad condiciona<\/p>\n\n\n\n<p>La magistrada estatal Elizabeth Scherer pronunci\u00f3 en un tribunal en <a href=\"https:\/\/www.fortlauderdale.gov\/\">Fort Lauderdale<\/a>, al norte de Miami, un veredicto ya sabido, en vista de que el pasado mes el jurado no logr\u00f3 la unanimidad requerida por ley para recomendar la pena de muerte a Cruz, ahora de 24 a\u00f1os.<\/p>\n\n\n\n<p>Tres miembros de los doce miembros del jurado votaron en ese entonces en contra de ejecutar a Cruz, quien se declar\u00f3 el pasado a\u00f1o culpable de todos los cargos que afrontaba tras asesinar con un fusil de asalto a 17 personas y herir a otras 17 el 14 de febrero de 2018 en la escuela Marjory Stoneman Douglas, de la que era exalumno.<\/p>\n\n\n\n<p>La imposici\u00f3n de la sentencia se dio en el segundo d\u00eda de audiencias en la que los familiares de las v\u00edctimas brindaron conmovidos e indignados testimonios, y donde por primera vez pudieron dirigirse directamente a Cruz, a quien le restregaron con duros t\u00e9rminos la devastaci\u00f3n que ha producido en sus vidas el asesinato de sus seres queridos.<\/p>\n\n\n\n<p>Una vez sentenciado, el joven ser\u00e1 trasladado desde la c\u00e1rcel del condado de Broward en la que se encuentra a un centro de procesamiento del sistema correccional de Florida y luego a una prisi\u00f3n de m\u00e1xima seguridad, donde previsiblemente al comienzo estar\u00e1 separado del resto de presos en virtud de un programa de protecci\u00f3n.<\/p>\n\n\n\n<p>En alg\u00fan momento, posiblemente en unos a\u00f1os, los funcionarios de la prisi\u00f3n finalmente considerar\u00e1n que es seguro ponerlo junto al resto de la poblaci\u00f3n carcelaria.<\/p>\n","protected":false},"excerpt":{"rendered":"<p>2 noviembre 2022 El joven autor de la matanza en 2018 en una escuela secundaria&#8230;<\/p>\n","protected":false},"author":3,"featured_media":52299,"comment_status":"closed","ping_status":"closed","sticky":false,"template":"","format":"standard","meta":{"footnotes":""},"categories":[5],"tags":[],"class_list":["post-52298","post","type-post","status-publish","format-standard","has-post-thumbnail","hentry","category-internacional"],"_links":{"self":[{"href":"https:\/\/bambapolitica.com.mx\/index.php\/wp-json\/wp\/v2\/posts\/52298","targetHints":{"allow":["GET"]}}],"collection":[{"href":"https:\/\/bambapolitica.com.mx\/index.php\/wp-json\/wp\/v2\/posts"}],"about":[{"href":"https:\/\/bambapolitica.com.mx\/index.php\/wp-json\/wp\/v2\/types\/post"}],"author":[{"embeddable":true,"href":"https:\/\/bambapolitica.com.mx\/index.php\/wp-json\/wp\/v2\/users\/3"}],"replies":[{"embeddable":true,"href":"https:\/\/bambapolitica.com.mx\/index.php\/wp-json\/wp\/v2\/comments?post=52298"}],"version-history":[{"count":1,"href":"https:\/\/bambapolitica.com.mx\/index.php\/wp-json\/wp\/v2\/posts\/52298\/revisions"}],"predecessor-version":[{"id":52300,"href":"https:\/\/bambapolitica.com.mx\/index.php\/wp-json\/wp\/v2\/posts\/52298\/revisions\/52300"}],"wp:featuredmedia":[{"embeddable":true,"href":"https:\/\/bambapolitica.com.mx\/index.php\/wp-json\/wp\/v2\/media\/52299"}],"wp:attachment":[{"href":"https:\/\/bambapolitica.com.mx\/index.php\/wp-json\/wp\/v2\/media?parent=52298"}],"wp:term":[{"taxonomy":"category","embeddable":true,"href":"https:\/\/bambapolitica.com.mx\/index.php\/wp-json\/wp\/v2\/categories?post=52298"},{"taxonomy":"post_tag","embeddable":true,"href":"https:\/\/bambapolitica.com.mx\/index.php\/wp-json\/wp\/v2\/tags?post=52298"}],"curies":[{"name":"wp","href":"https:\/\/api.w.org\/{rel}","templated":true}]}}