{"id":52301,"date":"2022-11-02T19:36:17","date_gmt":"2022-11-03T01:36:17","guid":{"rendered":"http:\/\/bambapolitica.com.mx\/?p=52301"},"modified":"2022-11-02T19:36:18","modified_gmt":"2022-11-03T01:36:18","slug":"bolsonarismo-se-rebela-contra-elecciones-en-brasil-y-exige-un-golpe-contra-lula","status":"publish","type":"post","link":"https:\/\/bambapolitica.com.mx\/index.php\/2022\/11\/02\/bolsonarismo-se-rebela-contra-elecciones-en-brasil-y-exige-un-golpe-contra-lula\/","title":{"rendered":"Bolsonarismo se rebela contra elecciones en Brasil y exige un golpe contra Lula"},"content":{"rendered":"\n<p><strong>2 noviembre 2022<\/strong><\/p>\n\n\n\n<p>El bolsonarismo se moviliz\u00f3 hasta la puerta de muchos cuarteles militares en Brasil y exigi\u00f3 una \u201cintervenci\u00f3n\u201d contra victoria de Lula<\/p>\n\n\n\n<p>El bolsonarismo fue a las calles de Brasil este mi\u00e9rcoles, march\u00f3 hasta la puerta de muchos cuarteles y exigi\u00f3 una \u201cintervenci\u00f3n militar\u201d contra la victoria electoral del l\u00edder progresista Luiz In\u00e1cio Lula da Silva.<\/p>\n\n\n\n<p>Las manifestaciones fueron multitudinarias y pac\u00edficas pero de un claro talante antidemocr\u00e1tico, al punto de que reclamaron que las Fuerzas Armadas impidan el pr\u00f3ximo 1 de enero la toma de posesi\u00f3n de Lula, que el pasado domingo derrot\u00f3 en las urnas al presidente Jair Bolsonaro por una m\u00ednima diferencia de 1.8 puntos porcentuales.<\/p>\n\n\n\n<p>La convocatoria fue hecha por las redes sociales, en las que los grupos de ultraderecha que respaldan a Bolsonaro tienen una febril actividad, y sobre todo a trav\u00e9s de servicios de mensajer\u00eda privada como WhatsApp y Telegram.<\/p>\n\n\n\n<p>Las mayores concentraciones fueron en R\u00edo de Janeiro y Sao Paulo, y en ambos casos en las sedes de los comandos regionales del Ej\u00e9rcito, al igual que ocurri\u00f3 en Brasilia, aunque con un menor n\u00famero de personas.<\/p>\n\n\n\n<p>La consigna en todos los casos fue la misma: \u201cIntervenci\u00f3n federal\u201c, bajo el art\u00edculo 34 de la Constituci\u00f3n nacional, que en uno de sus puntos dice que el Gobierno central puede intervenir, si fuera necesario y por los medios posibles, para garantizar la \u201cforma republicana, el sistema representativo y el r\u00e9gimen democr\u00e1tico\u201d.<\/p>\n\n\n\n<p>La excusa, seg\u00fan carteles mostrados por los manifestantes, fue tambi\u00e9n la misma y es que un Gobierno de Lula llevar\u00e1 a Brasil al \u201ccomunismo\u201d e implantar\u00e1 un r\u00e9gimen similar al que viven pa\u00edses como Venezuela o Nicaragua, citados en muchas pancartas y fiel al discurso de Bolsonaro en su campa\u00f1a electoral.<\/p>\n\n\n\n<p>Tambi\u00e9n han denunciado un supuesto fraude, una hip\u00f3tesis que ha sido negada por la justicia electoral y todos los partidos y las instituciones, que han reconocido la victoria de Lula, al igual que cientos de gobiernos extranjeros.<\/p>\n\n\n\n<p><strong>Camioneros comienzan a ceder tras discurso de Bolsonaro<\/strong><\/p>\n\n\n\n<p>Las manifestaciones de este mi\u00e9rcoles, festivo en Brasil por el D\u00eda de los Muertos, siguieron a las masivas protestas de camioneros alienados en el bolsonarismo, que desde el pasado lunes bloquearon unas 600 carreteras en todo el pa\u00eds para protestar por la victoria de Lula.<\/p>\n\n\n\n<p>Este mi\u00e9rcoles, de acuerdo a la Polic\u00eda de Carreteras, los bloqueos persist\u00edan en unos 150 puntos de 15 de los 27 estados del pa\u00eds y en muchos de los casos eran s\u00f3lo parciales, pues obstaculizaban pero no imped\u00edan por completo el tr\u00e1nsito.<\/p>\n\n\n\n<p>En algunos lugares, como en la ciudad paulista de Baruer\u00ed, las carreteras fueron liberadas mediante una firme intervenci\u00f3n de la Polic\u00eda, que dispers\u00f3 a los camioneros con gases lacrim\u00f3genos, pero sin que hubiera enfrentamientos ni v\u00edctimas.<\/p>\n\n\n\n<p>La protesta de los camioneros comenz\u00f3 a perder intensidad desde que <a href=\"https:\/\/lopezdoriga.com\/internacional\/bolsonaro-da-a-entender-que-admite-la-derrota-aunque-no-lo-hace-explicito\/\">Bolsonaro termin\u00f3 de admitir su derrota<\/a> y determin\u00f3 que el Gobierno inicie el proceso de transici\u00f3n con el equipo de Lula, lo cual est\u00e1 previsto para este jueves.<\/p>\n\n\n\n<p>Bolsonaro se pronunci\u00f3 sobre el resultado de las elecciones este martes, unas 45 horas despu\u00e9s de que el escrutinio oficial sentenci\u00f3 la victoria del l\u00edder progresista.<\/p>\n","protected":false},"excerpt":{"rendered":"<p>2 noviembre 2022 El bolsonarismo se moviliz\u00f3 hasta la puerta de muchos cuarteles militares en&#8230;<\/p>\n","protected":false},"author":3,"featured_media":52302,"comment_status":"closed","ping_status":"closed","sticky":false,"template":"","format":"standard","meta":{"footnotes":""},"categories":[5],"tags":[],"class_list":["post-52301","post","type-post","status-publish","format-standard","has-post-thumbnail","hentry","category-internacional"],"_links":{"self":[{"href":"https:\/\/bambapolitica.com.mx\/index.php\/wp-json\/wp\/v2\/posts\/52301","targetHints":{"allow":["GET"]}}],"collection":[{"href":"https:\/\/bambapolitica.com.mx\/index.php\/wp-json\/wp\/v2\/posts"}],"about":[{"href":"https:\/\/bambapolitica.com.mx\/index.php\/wp-json\/wp\/v2\/types\/post"}],"author":[{"embeddable":true,"href":"https:\/\/bambapolitica.com.mx\/index.php\/wp-json\/wp\/v2\/users\/3"}],"replies":[{"embeddable":true,"href":"https:\/\/bambapolitica.com.mx\/index.php\/wp-json\/wp\/v2\/comments?post=52301"}],"version-history":[{"count":1,"href":"https:\/\/bambapolitica.com.mx\/index.php\/wp-json\/wp\/v2\/posts\/52301\/revisions"}],"predecessor-version":[{"id":52303,"href":"https:\/\/bambapolitica.com.mx\/index.php\/wp-json\/wp\/v2\/posts\/52301\/revisions\/52303"}],"wp:featuredmedia":[{"embeddable":true,"href":"https:\/\/bambapolitica.com.mx\/index.php\/wp-json\/wp\/v2\/media\/52302"}],"wp:attachment":[{"href":"https:\/\/bambapolitica.com.mx\/index.php\/wp-json\/wp\/v2\/media?parent=52301"}],"wp:term":[{"taxonomy":"category","embeddable":true,"href":"https:\/\/bambapolitica.com.mx\/index.php\/wp-json\/wp\/v2\/categories?post=52301"},{"taxonomy":"post_tag","embeddable":true,"href":"https:\/\/bambapolitica.com.mx\/index.php\/wp-json\/wp\/v2\/tags?post=52301"}],"curies":[{"name":"wp","href":"https:\/\/api.w.org\/{rel}","templated":true}]}}