{"id":52304,"date":"2022-11-02T19:46:05","date_gmt":"2022-11-03T01:46:05","guid":{"rendered":"http:\/\/bambapolitica.com.mx\/?p=52304"},"modified":"2022-11-02T19:47:26","modified_gmt":"2022-11-03T01:47:26","slug":"detienen-en-chihuahua-a-el-cuervo-presunto-operador-de-el-chueco","status":"publish","type":"post","link":"https:\/\/bambapolitica.com.mx\/index.php\/2022\/11\/02\/detienen-en-chihuahua-a-el-cuervo-presunto-operador-de-el-chueco\/","title":{"rendered":"Detienen en Chihuahua a \u2018El Cuervo\u2019, presunto operador de \u2018El Chueco\u2019"},"content":{"rendered":"\n<p><strong>2 noviembre 2022<\/strong><\/p>\n\n\n\n<p>\u2018La Fiscal\u00eda de Chihuahua inform\u00f3 este mi\u00e9rcoles la detenci\u00f3n de Fernando F.C., alias \u2018El Cuervo\u2018, identificado como operador de Noriel Portillo Gil, \u2018El Chueco\u2018, y acusado del <a href=\"https:\/\/lopezdoriga.com\/nacional\/localizan-cuerpo-de-activista-desaparecido-en-chihuahua\/\">homicidio<\/a> del activista Cruz Soto Caraveo, ocurrido en 2019.<\/p>\n\n\n\n<p>En la <a href=\"http:\/\/fiscalia.chihuahua.gob.mx\/en-operativo-de-busqueda-de-noriel-portillo-gil-captura-fge-a-fernando-f-c-alias-el-cuervo-presunto-homicida-de-cruz-soto-caraveo-y-operador-de-el-chueco\/\">detenci\u00f3n<\/a>, registrada durante las primeras horas de este mi\u00e9rcoles, se decomisaron equipos de radiocomunicaci\u00f3n, un arma de fuego y un veh\u00edculo con reporte de robo.<\/p>\n\n\n\n<p>\u2018El Cuervo\u2018 era buscado desde hace tres a\u00f1os por el asesinato del activista Cruz Soto Caraveo, quien fuera presidente del colectivo \u2018Familias Desplazadas Forzosamente\u2018.<\/p>\n\n\n\n<p>El defensor fue secuestrado en la localidad de T\u00e9moris, en el municipio de Guazapares, el 13 de octubre de 2019; d\u00edas despu\u00e9s fue hallado muerto.<\/p>\n\n\n\n<p>Por el homicidio de Cruz Soto Caraveo hay tres sujetos implicados sentenciados por desaparici\u00f3n forzada. Los sujetos son Ismael \u201cQ\u201d, Samuel Alejandro \u2018N\u2019 Y Paulino \u2018M\u2019, este \u00faltimo exdirector de la Polic\u00eda Municipal de Guazapares.<\/p>\n","protected":false},"excerpt":{"rendered":"<p>2 noviembre 2022 \u2018La Fiscal\u00eda de Chihuahua inform\u00f3 este mi\u00e9rcoles la detenci\u00f3n de Fernando F.C.,&#8230;<\/p>\n","protected":false},"author":3,"featured_media":52305,"comment_status":"closed","ping_status":"closed","sticky":false,"template":"","format":"standard","meta":{"footnotes":""},"categories":[2],"tags":[],"class_list":["post-52304","post","type-post","status-publish","format-standard","has-post-thumbnail","hentry","category-policiaca"],"_links":{"self":[{"href":"https:\/\/bambapolitica.com.mx\/index.php\/wp-json\/wp\/v2\/posts\/52304","targetHints":{"allow":["GET"]}}],"collection":[{"href":"https:\/\/bambapolitica.com.mx\/index.php\/wp-json\/wp\/v2\/posts"}],"about":[{"href":"https:\/\/bambapolitica.com.mx\/index.php\/wp-json\/wp\/v2\/types\/post"}],"author":[{"embeddable":true,"href":"https:\/\/bambapolitica.com.mx\/index.php\/wp-json\/wp\/v2\/users\/3"}],"replies":[{"embeddable":true,"href":"https:\/\/bambapolitica.com.mx\/index.php\/wp-json\/wp\/v2\/comments?post=52304"}],"version-history":[{"count":1,"href":"https:\/\/bambapolitica.com.mx\/index.php\/wp-json\/wp\/v2\/posts\/52304\/revisions"}],"predecessor-version":[{"id":52306,"href":"https:\/\/bambapolitica.com.mx\/index.php\/wp-json\/wp\/v2\/posts\/52304\/revisions\/52306"}],"wp:featuredmedia":[{"embeddable":true,"href":"https:\/\/bambapolitica.com.mx\/index.php\/wp-json\/wp\/v2\/media\/52305"}],"wp:attachment":[{"href":"https:\/\/bambapolitica.com.mx\/index.php\/wp-json\/wp\/v2\/media?parent=52304"}],"wp:term":[{"taxonomy":"category","embeddable":true,"href":"https:\/\/bambapolitica.com.mx\/index.php\/wp-json\/wp\/v2\/categories?post=52304"},{"taxonomy":"post_tag","embeddable":true,"href":"https:\/\/bambapolitica.com.mx\/index.php\/wp-json\/wp\/v2\/tags?post=52304"}],"curies":[{"name":"wp","href":"https:\/\/api.w.org\/{rel}","templated":true}]}}