{"id":52326,"date":"2022-11-03T08:07:51","date_gmt":"2022-11-03T14:07:51","guid":{"rendered":"http:\/\/bambapolitica.com.mx\/?p=52326"},"modified":"2022-11-03T08:07:54","modified_gmt":"2022-11-03T14:07:54","slug":"omar-fayad-buscara-la-presidencia-del-pri-y-de-mexico-me-voy-a-meter-con-todo","status":"publish","type":"post","link":"https:\/\/bambapolitica.com.mx\/index.php\/2022\/11\/03\/omar-fayad-buscara-la-presidencia-del-pri-y-de-mexico-me-voy-a-meter-con-todo\/","title":{"rendered":"Omar Fayad buscar\u00e1 la presidencia del PRI y de M\u00e9xico; &#8220;me voy a meter con todo&#8221;"},"content":{"rendered":"\n<p>jueves, 3 de noviembre de 2022<\/p>\n\n\n\n<p>El ex gobernador de Hidalgo, Omar Fayad, asegur\u00f3 que actualmente vive en Pachuca y que se dedica a ver por su salud.<\/p>\n\n\n\n<p><br>Omar Fayad, ex gobernador de Hidalgo, asegur\u00f3 que en un futuro buscar\u00e1 la presidencia del Partido Revolucionario Institucional (PRI) y de la Rep\u00fablica Mexicana; &#8220;me voy a meter con todo&#8221;, declar\u00f3.<br>&#8220;Me voy a meter con todo, debido a que voy a ser el pr\u00f3ximo dirigente del PRI y tambi\u00e9n he de anotarme como aspirante a la Presidencia de M\u00e9xico&#8221;, asegur\u00f3 el ex gobernador. En entrevista con Azucena Uresti, para Radio F\u00f3rmula, el ex mandatario estatal coment\u00f3 que tras dejar el cargo como gobernador de Hidalgo, se decidi\u00f3 a registrar una plantilla para ser consejero pol\u00edtico, &#8220;a ver qu\u00e9 pretexto me ponen\u201d. &#8220;He sido leal y honesto. El d\u00eda que pase algo, mi partido ser\u00e1 el primero en saber la noticia&#8221;, agreg\u00f3. Asimismo, agreg\u00f3 que por ahora decidi\u00f3 quedarse en Pachuca y atender problemas de salud, ya que desde hace mucho tiempo no acud\u00eda al m\u00e9dico. \u201cTenemos que dejar atr\u00e1s a los pol\u00edticos que se est\u00e1n enfrentando. El pa\u00eds necesita una reconciliaci\u00f3n entre todos los mexicanos\u201d, finaliz\u00f3 el ex mandatario estatal.<\/p>\n","protected":false},"excerpt":{"rendered":"<p>jueves, 3 de noviembre de 2022 El ex gobernador de Hidalgo, Omar Fayad, asegur\u00f3 que&#8230;<\/p>\n","protected":false},"author":3,"featured_media":52327,"comment_status":"closed","ping_status":"closed","sticky":false,"template":"","format":"standard","meta":{"footnotes":""},"categories":[4],"tags":[],"class_list":["post-52326","post","type-post","status-publish","format-standard","has-post-thumbnail","hentry","category-noticias-del-dia"],"_links":{"self":[{"href":"https:\/\/bambapolitica.com.mx\/index.php\/wp-json\/wp\/v2\/posts\/52326","targetHints":{"allow":["GET"]}}],"collection":[{"href":"https:\/\/bambapolitica.com.mx\/index.php\/wp-json\/wp\/v2\/posts"}],"about":[{"href":"https:\/\/bambapolitica.com.mx\/index.php\/wp-json\/wp\/v2\/types\/post"}],"author":[{"embeddable":true,"href":"https:\/\/bambapolitica.com.mx\/index.php\/wp-json\/wp\/v2\/users\/3"}],"replies":[{"embeddable":true,"href":"https:\/\/bambapolitica.com.mx\/index.php\/wp-json\/wp\/v2\/comments?post=52326"}],"version-history":[{"count":1,"href":"https:\/\/bambapolitica.com.mx\/index.php\/wp-json\/wp\/v2\/posts\/52326\/revisions"}],"predecessor-version":[{"id":52328,"href":"https:\/\/bambapolitica.com.mx\/index.php\/wp-json\/wp\/v2\/posts\/52326\/revisions\/52328"}],"wp:featuredmedia":[{"embeddable":true,"href":"https:\/\/bambapolitica.com.mx\/index.php\/wp-json\/wp\/v2\/media\/52327"}],"wp:attachment":[{"href":"https:\/\/bambapolitica.com.mx\/index.php\/wp-json\/wp\/v2\/media?parent=52326"}],"wp:term":[{"taxonomy":"category","embeddable":true,"href":"https:\/\/bambapolitica.com.mx\/index.php\/wp-json\/wp\/v2\/categories?post=52326"},{"taxonomy":"post_tag","embeddable":true,"href":"https:\/\/bambapolitica.com.mx\/index.php\/wp-json\/wp\/v2\/tags?post=52326"}],"curies":[{"name":"wp","href":"https:\/\/api.w.org\/{rel}","templated":true}]}}