{"id":52341,"date":"2022-11-03T08:50:19","date_gmt":"2022-11-03T14:50:19","guid":{"rendered":"http:\/\/bambapolitica.com.mx\/?p=52341"},"modified":"2022-11-04T09:31:53","modified_gmt":"2022-11-04T15:31:53","slug":"condenan-a-140-anos-de-carcel-a-sujeto-que-asesino-a-menor-en-toluca","status":"publish","type":"post","link":"https:\/\/bambapolitica.com.mx\/index.php\/2022\/11\/03\/condenan-a-140-anos-de-carcel-a-sujeto-que-asesino-a-menor-en-toluca\/","title":{"rendered":"Condenan a 140 a\u00f1os de c\u00e1rcel a sujeto que asesin\u00f3 a menor en Toluca"},"content":{"rendered":"\n<p>viernes, 4 de noviembre de 2022<\/p>\n\n\n\n<p>La dependencia detall\u00f3 que los hechos ocurrieron el 14 de febrero de 2013 cuando en complicidad con otras cuatro personas el sujeto secuestr\u00f3 al menor<\/p>\n\n\n\n<p><br>La Fiscal\u00eda General de Justicia del Estado de M\u00e9xico dio a conocer que Emiliano Victoria Hern\u00e1ndez, responsable del secuestro y homicidio de un menor de 15 a\u00f1os en Toluca, fue condenado a 140 a\u00f1os de c\u00e1rcel.<\/p>\n\n\n\n<p>A trav\u00e9s de un comunicado, la dependencia detall\u00f3 que los hechos ocurrieron el 14 de febrero de 2013 cuando en complicidad con otras cuatro personas secuestr\u00f3 al menor.<br>\u201cLos involucrados, luego se comunicaron con el padre del adolescente, a quien le hicieron saber que ten\u00f1uan secuestrado a su hijo y le solicitaron una suma econ\u00f3mica a cambio de liberarlo. Posteriormente, estas personas asesinaron al adolescentte, siendo encontrado el cuerpo en el Puente de Calder\u00f3n, en el municipio de Villa Guerrero\u201c, indic\u00f3.<\/p>\n\n\n\n<p>En septiembre de 2021, Emiliano fue detenido en la colonia Constituci\u00f3n Totoltepec, de Toluca, para ser ingresado al Centro Penitenciario y de Reinserci\u00f3n Social de Almoloya de Ju\u00e1rez.<br>Por el mismo delito, Beatriz Alejandra Morales Sendo se encuentra purgando una condena de 54 a\u00f1os de prisi\u00f3n, mientras que Margarito Salas Reyes, Emilio Victoria Rodr\u00edguez, Silverio Victoria Hern\u00e1ndez, tambi\u00e9n fueron sentenciados a 55 a\u00f1os de prisi\u00f3n<\/p>\n","protected":false},"excerpt":{"rendered":"<p>viernes, 4 de noviembre de 2022 La dependencia detall\u00f3 que los hechos ocurrieron el 14&#8230;<\/p>\n","protected":false},"author":3,"featured_media":52342,"comment_status":"closed","ping_status":"closed","sticky":false,"template":"","format":"standard","meta":{"footnotes":""},"categories":[2],"tags":[],"class_list":["post-52341","post","type-post","status-publish","format-standard","has-post-thumbnail","hentry","category-policiaca"],"_links":{"self":[{"href":"https:\/\/bambapolitica.com.mx\/index.php\/wp-json\/wp\/v2\/posts\/52341","targetHints":{"allow":["GET"]}}],"collection":[{"href":"https:\/\/bambapolitica.com.mx\/index.php\/wp-json\/wp\/v2\/posts"}],"about":[{"href":"https:\/\/bambapolitica.com.mx\/index.php\/wp-json\/wp\/v2\/types\/post"}],"author":[{"embeddable":true,"href":"https:\/\/bambapolitica.com.mx\/index.php\/wp-json\/wp\/v2\/users\/3"}],"replies":[{"embeddable":true,"href":"https:\/\/bambapolitica.com.mx\/index.php\/wp-json\/wp\/v2\/comments?post=52341"}],"version-history":[{"count":2,"href":"https:\/\/bambapolitica.com.mx\/index.php\/wp-json\/wp\/v2\/posts\/52341\/revisions"}],"predecessor-version":[{"id":52449,"href":"https:\/\/bambapolitica.com.mx\/index.php\/wp-json\/wp\/v2\/posts\/52341\/revisions\/52449"}],"wp:featuredmedia":[{"embeddable":true,"href":"https:\/\/bambapolitica.com.mx\/index.php\/wp-json\/wp\/v2\/media\/52342"}],"wp:attachment":[{"href":"https:\/\/bambapolitica.com.mx\/index.php\/wp-json\/wp\/v2\/media?parent=52341"}],"wp:term":[{"taxonomy":"category","embeddable":true,"href":"https:\/\/bambapolitica.com.mx\/index.php\/wp-json\/wp\/v2\/categories?post=52341"},{"taxonomy":"post_tag","embeddable":true,"href":"https:\/\/bambapolitica.com.mx\/index.php\/wp-json\/wp\/v2\/tags?post=52341"}],"curies":[{"name":"wp","href":"https:\/\/api.w.org\/{rel}","templated":true}]}}