{"id":52344,"date":"2022-11-03T09:01:15","date_gmt":"2022-11-03T15:01:15","guid":{"rendered":"http:\/\/bambapolitica.com.mx\/?p=52344"},"modified":"2022-11-04T09:30:09","modified_gmt":"2022-11-04T15:30:09","slug":"se-reporta-balacera-en-la-colonia-libertad-de-guadalajara-un-hombre-fue-privado-de-la-libertad-y-otro-quedo-herido","status":"publish","type":"post","link":"https:\/\/bambapolitica.com.mx\/index.php\/2022\/11\/03\/se-reporta-balacera-en-la-colonia-libertad-de-guadalajara-un-hombre-fue-privado-de-la-libertad-y-otro-quedo-herido\/","title":{"rendered":"Se reporta balacera en la colonia Libertad de Guadalajara; un hombre fue privado de la libertad y otro qued\u00f3 herido"},"content":{"rendered":"\n<p>viernes, 4 de noviembre de 2022<\/p>\n\n\n\n<p>El herido fue resultado por da\u00f1o colateral, ya que el objetivo era el hombre que fue privado de su libertad.<\/p>\n\n\n\n<p><br>Un hombre privado de la libertad, uno m\u00e1s herido y el abandono de un veh\u00edculo robado, fue el resultado de un tiroteo vivido la tarde del 2 de noviembre, en la colonia Libertad de Guadalajara, as\u00ed lo informaron elementos de la comisar\u00eda municipal, cuando despu\u00e9s de que recibieron el reporte de un posible asalto en una muebler\u00eda.<br>Al llegar al lugar se percataron de que el ataque a balazos de armas largas y cortas, fue directo a un domicilio sobre calle Esteban Alatorre al cruce de Ir\u00e1n.<br>Los oficiales informaron que el hombre privado de la libertad llevaba ya dos d\u00edas de visita en el lugar, hasta esta tarde que fue sacado a la fuerza del inmueble y llevado en el veh\u00edculo blanco.<\/p>\n\n\n\n<p>Adem\u00e1s, c\u00f3mo da\u00f1o colateral, un joven de 18 a\u00f1os result\u00f3 herido en una de sus piernas cuando transitaba en la avenida que cuenta con distintos comercios y la balacera que tuvo por lo menos de 20 a 30 disparos, comenz\u00f3.<\/p>\n\n\n\n<p>Aunado a esto, los oficiales aseguraron en el lugar un veh\u00edculo compacto en color tinto con reporte de robo desde el 26 de octubre de este a\u00f1o, el cual fue abandonado en la zona del crimen.<\/p>\n\n\n\n<p>\u201cSe llega el reporte de una persona lesionada a los servicios m\u00e9dicos, de momento se est\u00e1 investigando Si tiene alguna relaci\u00f3n a los hechos, de momento tenemos que es un da\u00f1o colateral y que sufri\u00f3 una herida en pierna derecha\u201d, dijo un elemento de la polic\u00eda.<br>El joven lesionado se report\u00f3 estable, en cambio los vecinos de la zona se dijeron asustados, pues al ser una zona comercial y un horario en el que hay gran afluencia, ni\u00f1os y adultos presenciaron el lamentable suceso.<\/p>\n\n\n\n<p><br>La zona fue resguardada por varias horas por la polic\u00eda municipal y Fiscal\u00eda del Estado quienes realizaron la investigaci\u00f3n en torno al caso. No se reportaron detenidos.<\/p>\n","protected":false},"excerpt":{"rendered":"<p>viernes, 4 de noviembre de 2022 El herido fue resultado por da\u00f1o colateral, ya que&#8230;<\/p>\n","protected":false},"author":3,"featured_media":52345,"comment_status":"closed","ping_status":"closed","sticky":false,"template":"","format":"standard","meta":{"footnotes":""},"categories":[2],"tags":[],"class_list":["post-52344","post","type-post","status-publish","format-standard","has-post-thumbnail","hentry","category-policiaca"],"_links":{"self":[{"href":"https:\/\/bambapolitica.com.mx\/index.php\/wp-json\/wp\/v2\/posts\/52344","targetHints":{"allow":["GET"]}}],"collection":[{"href":"https:\/\/bambapolitica.com.mx\/index.php\/wp-json\/wp\/v2\/posts"}],"about":[{"href":"https:\/\/bambapolitica.com.mx\/index.php\/wp-json\/wp\/v2\/types\/post"}],"author":[{"embeddable":true,"href":"https:\/\/bambapolitica.com.mx\/index.php\/wp-json\/wp\/v2\/users\/3"}],"replies":[{"embeddable":true,"href":"https:\/\/bambapolitica.com.mx\/index.php\/wp-json\/wp\/v2\/comments?post=52344"}],"version-history":[{"count":2,"href":"https:\/\/bambapolitica.com.mx\/index.php\/wp-json\/wp\/v2\/posts\/52344\/revisions"}],"predecessor-version":[{"id":52448,"href":"https:\/\/bambapolitica.com.mx\/index.php\/wp-json\/wp\/v2\/posts\/52344\/revisions\/52448"}],"wp:featuredmedia":[{"embeddable":true,"href":"https:\/\/bambapolitica.com.mx\/index.php\/wp-json\/wp\/v2\/media\/52345"}],"wp:attachment":[{"href":"https:\/\/bambapolitica.com.mx\/index.php\/wp-json\/wp\/v2\/media?parent=52344"}],"wp:term":[{"taxonomy":"category","embeddable":true,"href":"https:\/\/bambapolitica.com.mx\/index.php\/wp-json\/wp\/v2\/categories?post=52344"},{"taxonomy":"post_tag","embeddable":true,"href":"https:\/\/bambapolitica.com.mx\/index.php\/wp-json\/wp\/v2\/tags?post=52344"}],"curies":[{"name":"wp","href":"https:\/\/api.w.org\/{rel}","templated":true}]}}