{"id":52347,"date":"2022-11-03T09:09:39","date_gmt":"2022-11-03T15:09:39","guid":{"rendered":"http:\/\/bambapolitica.com.mx\/?p=52347"},"modified":"2022-11-03T09:09:40","modified_gmt":"2022-11-03T15:09:40","slug":"cae-presunto-extorsionador-en-valle-de-chalco-queria-apoderarse-de-casa-y-vehiculo","status":"publish","type":"post","link":"https:\/\/bambapolitica.com.mx\/index.php\/2022\/11\/03\/cae-presunto-extorsionador-en-valle-de-chalco-queria-apoderarse-de-casa-y-vehiculo\/","title":{"rendered":"Cae presunto extorsionador en Valle de Chalco; quer\u00eda apoderarse de casa y veh\u00edculo"},"content":{"rendered":"\n<p>jueves, 3 de noviembre de 2022<\/p>\n\n\n\n<p>De acuerdo con la FGJEM, con otra persona amagaron a la v\u00edctima para que les diera los documentos de propiedad.<\/p>\n\n\n\n<p><br>Juan Carlos \u201cN\u201d fue detenido por su presunta participaci\u00f3n en el delito de extorsi\u00f3n, al parecer el hombre se dedicaba a amenazar a familias para despojarlos de sus casas y veh\u00edculos. El se\u00f1alado fue detenido en cumplimiento de una orden de aprehensi\u00f3n por parte de personal de la Fiscal\u00eda General de Justicia del Estado de M\u00e9xico (FGJEM), luego de ser denunciado por una de sus v\u00edctimas. La indagatoria iniciada por la Fiscal\u00eda estatal permiti\u00f3 establecer que el pasado 8 de octubre este individuo en complicidad con otra persona, ingres\u00f3 a un inmueble ubicado en la colonia Ampliaci\u00f3n San Miguel Las Tablas, en el municipio de Valle de Chalco para extorsionar al due\u00f1o. <\/p>\n\n\n\n<p>Al interior de la vivienda el detenido y su c\u00f3mplice habr\u00edan amagado con un arma de fuego y un objeto punzocortante al due\u00f1o del inmueble, a quien le habr\u00edan exigido entregar documentos en original de una cesi\u00f3n de derechos de la casa, as\u00ed como copia simple del t\u00edtulo de propiedad de un veh\u00edculo tipo van, a cambio de no causarle da\u00f1o. Una vez que la v\u00edctima entreg\u00f3 los documentos y firm\u00f3 la cesi\u00f3n de derechos, estas personas los sacaron del inmueble y al parecer este modus operandi lo utilizaban en el Valle de M\u00e9xico. Ante los hechos, la v\u00edctima denunci\u00f3 ante las autoridades, quienes iniciaron las investigaciones correspondientes por el delito de extorsi\u00f3n que permitiera esclarecer los hechos. <\/p>\n\n\n\n<p>Hace unos d\u00edas, elementos de la Polic\u00eda de Investigaci\u00f3n (PDI) detuvieron a este hombre, ya que ten\u00eda en su poder envoltorios con hierba verde con las caracter\u00edsticas de la marihuana, por lo que fue presentado ante el Agente del Ministerio P\u00fablico y luego remitido ante un Juez en el Centro Penitenciario y de Reinserci\u00f3n Social de Chalco, quien lo vincul\u00f3 a proceso por este delito. Aunado a ello, el Representante Social de la Fiscal\u00eda Regional de Amecameca lo relacion\u00f3 con el hecho delictivo de extorsi\u00f3n por lo que solicit\u00f3 a la autoridad judicial librar orden de aprehensi\u00f3n en su contra por este il\u00edcito; mandamiento judicial que fue otorgado y cumplimentado por reclusi\u00f3n.<\/p>\n","protected":false},"excerpt":{"rendered":"<p>jueves, 3 de noviembre de 2022 De acuerdo con la FGJEM, con otra persona amagaron&#8230;<\/p>\n","protected":false},"author":3,"featured_media":52348,"comment_status":"closed","ping_status":"closed","sticky":false,"template":"","format":"standard","meta":{"footnotes":""},"categories":[2],"tags":[],"class_list":["post-52347","post","type-post","status-publish","format-standard","has-post-thumbnail","hentry","category-policiaca"],"_links":{"self":[{"href":"https:\/\/bambapolitica.com.mx\/index.php\/wp-json\/wp\/v2\/posts\/52347","targetHints":{"allow":["GET"]}}],"collection":[{"href":"https:\/\/bambapolitica.com.mx\/index.php\/wp-json\/wp\/v2\/posts"}],"about":[{"href":"https:\/\/bambapolitica.com.mx\/index.php\/wp-json\/wp\/v2\/types\/post"}],"author":[{"embeddable":true,"href":"https:\/\/bambapolitica.com.mx\/index.php\/wp-json\/wp\/v2\/users\/3"}],"replies":[{"embeddable":true,"href":"https:\/\/bambapolitica.com.mx\/index.php\/wp-json\/wp\/v2\/comments?post=52347"}],"version-history":[{"count":1,"href":"https:\/\/bambapolitica.com.mx\/index.php\/wp-json\/wp\/v2\/posts\/52347\/revisions"}],"predecessor-version":[{"id":52349,"href":"https:\/\/bambapolitica.com.mx\/index.php\/wp-json\/wp\/v2\/posts\/52347\/revisions\/52349"}],"wp:featuredmedia":[{"embeddable":true,"href":"https:\/\/bambapolitica.com.mx\/index.php\/wp-json\/wp\/v2\/media\/52348"}],"wp:attachment":[{"href":"https:\/\/bambapolitica.com.mx\/index.php\/wp-json\/wp\/v2\/media?parent=52347"}],"wp:term":[{"taxonomy":"category","embeddable":true,"href":"https:\/\/bambapolitica.com.mx\/index.php\/wp-json\/wp\/v2\/categories?post=52347"},{"taxonomy":"post_tag","embeddable":true,"href":"https:\/\/bambapolitica.com.mx\/index.php\/wp-json\/wp\/v2\/tags?post=52347"}],"curies":[{"name":"wp","href":"https:\/\/api.w.org\/{rel}","templated":true}]}}