{"id":52353,"date":"2022-11-03T09:28:21","date_gmt":"2022-11-03T15:28:21","guid":{"rendered":"http:\/\/bambapolitica.com.mx\/?p=52353"},"modified":"2022-11-04T09:43:38","modified_gmt":"2022-11-04T15:43:38","slug":"europa-corre-riesgo-de-quedar-sin-abasto-de-gas-en-2023-aie","status":"publish","type":"post","link":"https:\/\/bambapolitica.com.mx\/index.php\/2022\/11\/03\/europa-corre-riesgo-de-quedar-sin-abasto-de-gas-en-2023-aie\/","title":{"rendered":"Europa corre riesgo de quedar sin abasto de gas en 2023: AIE"},"content":{"rendered":"\n<p>viernes, 4 de noviembre de 2022<\/p>\n\n\n\n<p>Las pol\u00edticas energ\u00e9ticas de Rusia y la recuperaci\u00f3n econ\u00f3mica de China ponen en riesgo el suministro de gas a Europa en 2023, alert\u00f3 la AIE<br>La Agencia Internacional de la Energ\u00eda (AIE) advierte que Europa corre el riesgo de no conseguir suficiente gas en 2023 si Rusia cierra m\u00e1s los grifos y la recuperaci\u00f3n econ\u00f3mica de China incrementa la demanda del gigante asi\u00e1tico, que se llevar\u00eda buena parte del gas natural licuado (GNL) disponible.<\/p>\n\n\n\n<p>En caso de que Rusia suspendiera totalmente los env\u00edos de gas a los pa\u00edses europeos y los vol\u00famenes de importaciones de GNL por parte de China volvieran a los niveles de 2021, el d\u00e9ficit de abastecimiento en Europa podr\u00eda ser de 30 mil millones de metros c\u00fabicos durante el verano, precisa la AIE en un informe.<\/p>\n\n\n\n<p>Eso representa casi la mitad del gas necesario para que sus reservas llegaran antes del invierno 2023-2024 a 95 por ciento, que es el nivel que se ha conseguido este a\u00f1o.<\/p>\n\n\n\n<p>El director ejecutivo de la agencia, el turco Fatih Birol, avis\u00f3 que en el contexto actual de un oto\u00f1o de temperaturas c\u00e1lidas y de precios del gas m\u00e1s bajos en las \u00faltimas semanas, se podr\u00eda caer en una especie de \u201ccomplacencia\u201d en el desaf\u00edo del suministro, cuando en realidad \u201cno estamos de ninguna manera fuera de peligro todav\u00eda\u201d.<\/p>\n\n\n\n<p>A juicio de Birol, el reto para conseguir el gas necesario ser\u00e1 \u201ca\u00fan mayor el pr\u00f3ximo invierno\u201d y por eso los gobiernos deben tomar \u201cmedidas inmediatas para acelerar la mejora de la eficiencia energ\u00e9tica y el despliegue de energ\u00edas renovables y de bombas de calor, as\u00ed como otras medidas para reducir estructuralmente la demanda de gas\u201d.<\/p>\n\n\n\n<p>Su organizaci\u00f3n tiene previsto presentar \u201cen su momento\u201d un plan para garantizar el equilibrio gas\u00edstico de Europa de cara al invierno 2023-2024.<\/p>\n\n\n\n<p>Los autores del informe recuerdan que en los diez primeros meses de este a\u00f1o, Rusia ya ha reducido a la mitad el suministro de Europa si se compara con el mismo periodo de 2021, y eso supone una ca\u00edda de 60 mil millones de metros c\u00fabicos.<\/p>\n\n\n\n<p>Para el conjunto del a\u00f1o, calculan que la ca\u00edda ser\u00e1 de alrededor de 55 por ciento, lo que representar\u00eda 80 mil millones de metros c\u00fabicos menos que en 2021.<\/p>\n\n\n\n<p>Los europeos, no obstante, han conseguido llenar sus reservas al 95 por ciento, y eso es un 5 por ciento m\u00e1s que la media de los \u00faltimos cinco a\u00f1os, lo que equivale a 5 mil millones de metros c\u00fabicos m\u00e1s.<\/p>\n\n\n\n<p>La agencia se\u00f1ala que los europeos se han beneficiado para hacerlo de dos elementos que tal vez no se repitan en 2023, el primero el flujo de gas que se ha seguido recibiendo de Rusia, aunque menor que en a\u00f1os anteriores, y el segundo la menor demanda china de GNL por los efectos sobre la econom\u00eda de las restricciones impuestas por la pol\u00edtica de Beijing de \u201ccero covid\u201d.<\/p>\n\n\n\n<p>Pero si China se recupera y sus importaciones vuelven a estar en los niveles de 2021, el gigante asi\u00e1tico absorber\u00eda m\u00e1s del 85 por ciento del aumento previsto en el suministro mundial de GNL.<\/p>\n\n\n\n<p>Hay que tener en cuenta que en 2023 se calcula que ese suministro se incremente \u00fanicamente en 20 mil millones de metros c\u00fabicos, de los cuales aproximadamente un tercio de Estados Unidos, que podr\u00eda aparecer como un socio prioritario de los europeos.<\/p>\n\n\n\n<p>En definitiva, el aumento del GNL disponible el a\u00f1o pr\u00f3ximo ser\u00e1 mucho menos que la probable rebaja de las entregas por los gasoductos rusos que abastecen Europa, recuerda la AIE.<\/p>\n","protected":false},"excerpt":{"rendered":"<p>viernes, 4 de noviembre de 2022 Las pol\u00edticas energ\u00e9ticas de Rusia y la recuperaci\u00f3n econ\u00f3mica&#8230;<\/p>\n","protected":false},"author":3,"featured_media":52354,"comment_status":"closed","ping_status":"closed","sticky":false,"template":"","format":"standard","meta":{"footnotes":""},"categories":[5],"tags":[],"class_list":["post-52353","post","type-post","status-publish","format-standard","has-post-thumbnail","hentry","category-internacional"],"_links":{"self":[{"href":"https:\/\/bambapolitica.com.mx\/index.php\/wp-json\/wp\/v2\/posts\/52353","targetHints":{"allow":["GET"]}}],"collection":[{"href":"https:\/\/bambapolitica.com.mx\/index.php\/wp-json\/wp\/v2\/posts"}],"about":[{"href":"https:\/\/bambapolitica.com.mx\/index.php\/wp-json\/wp\/v2\/types\/post"}],"author":[{"embeddable":true,"href":"https:\/\/bambapolitica.com.mx\/index.php\/wp-json\/wp\/v2\/users\/3"}],"replies":[{"embeddable":true,"href":"https:\/\/bambapolitica.com.mx\/index.php\/wp-json\/wp\/v2\/comments?post=52353"}],"version-history":[{"count":2,"href":"https:\/\/bambapolitica.com.mx\/index.php\/wp-json\/wp\/v2\/posts\/52353\/revisions"}],"predecessor-version":[{"id":52458,"href":"https:\/\/bambapolitica.com.mx\/index.php\/wp-json\/wp\/v2\/posts\/52353\/revisions\/52458"}],"wp:featuredmedia":[{"embeddable":true,"href":"https:\/\/bambapolitica.com.mx\/index.php\/wp-json\/wp\/v2\/media\/52354"}],"wp:attachment":[{"href":"https:\/\/bambapolitica.com.mx\/index.php\/wp-json\/wp\/v2\/media?parent=52353"}],"wp:term":[{"taxonomy":"category","embeddable":true,"href":"https:\/\/bambapolitica.com.mx\/index.php\/wp-json\/wp\/v2\/categories?post=52353"},{"taxonomy":"post_tag","embeddable":true,"href":"https:\/\/bambapolitica.com.mx\/index.php\/wp-json\/wp\/v2\/tags?post=52353"}],"curies":[{"name":"wp","href":"https:\/\/api.w.org\/{rel}","templated":true}]}}