{"id":52356,"date":"2022-11-03T09:31:44","date_gmt":"2022-11-03T15:31:44","guid":{"rendered":"http:\/\/bambapolitica.com.mx\/?p=52356"},"modified":"2022-11-04T09:43:18","modified_gmt":"2022-11-04T15:43:18","slug":"hieren-en-tiroteo-a-ex-primer-ministro-de-pakistan-durante-marcha","status":"publish","type":"post","link":"https:\/\/bambapolitica.com.mx\/index.php\/2022\/11\/03\/hieren-en-tiroteo-a-ex-primer-ministro-de-pakistan-durante-marcha\/","title":{"rendered":"Hieren en tiroteo a ex primer ministro de Pakist\u00e1n durante marcha"},"content":{"rendered":"\n<p>viernes, 4 de noviembre de 2022<\/p>\n\n\n\n<p>El ex primer ministro de Pakist\u00e1n, Imran Khan, result\u00f3 herido durante un ataque armado contra el veh\u00edculo que lo transportaba en una marcha<br>El ex primer ministro paquistan\u00ed Imran Khan y otras cinco personas resultaron heridas en un tiroteo que se desat\u00f3 contra el veh\u00edculo que lo transportaba en el este de Pakist\u00e1n durante su marcha contra la injerencia extranjera.<\/p>\n\n\n\n<p>\u201cGracias a Dios Imran Khan est\u00e1 a salvo\u201d, inform\u00f3 en Twitter Azhar Mashwani, un miembro destacado de su partido, el Pakistan Tehree-e-Insaf (PTI), quien asegur\u00f3 que el hombre que realiz\u00f3 los disparos al paso de la marcha por Wazirabad fue \u201carrestado\u201d.<br>Otro l\u00edder del partido, Assad Umar, explic\u00f3 al canal local ARY que Khan result\u00f3 herido en una pierna.<\/p>\n\n\n\n<p>\u201cKhan sufri\u00f3 una herida de bala. No es cr\u00edtica, est\u00e1 estable. Result\u00f3 herido en una pierna. Est\u00e1 siendo llevado al hospital de Lahore por carretera\u201d, afirm\u00f3 Umar.<\/p>\n\n\n\n<p>Este miembro del partido opositor revel\u00f3 que en el incidente resultaron heridas seis personas, una de ellas cr\u00edtica. \u201cTodos los heridos son l\u00edderes del PTI\u201d, anot\u00f3.<\/p>\n\n\n\n<p>Im\u00e1genes difundidas por los medios locales muestran a Khan saliendo por su cuenta de la caravana desde la que encabezaba esta marcha hacia Islamabad, mientras montaba en otro coche. Se aprecia que tiene una pierna vendada.<\/p>\n\n\n\n<p>La polic\u00eda revel\u00f3 que est\u00e1 todav\u00eda tratando de recopilar informaci\u00f3n sobre el atentado contra el l\u00edder opositor.<\/p>\n\n\n\n<p>Khan hab\u00eda advertido en numerosas ocasiones que recibi\u00f3 amenazas y de que su vida corr\u00eda peligro.<\/p>\n\n\n\n<p>La gran marcha de Khan<br>El ex primer ministro hab\u00eda comenzado el pasado viernes una marcha desde la ciudad occidental de Lahore hasta Islamabad bajo el lema \u201chaqeeqi azadi\u201d(\u201cverdadera libertad\u201d), despu\u00e9s de que su mandato llegara a su fin de manera prematura este a\u00f1o tras una moci\u00f3n de censura promovida por el actual Gobierno.<\/p>\n\n\n\n<p>De acuerdo con Khan, la moci\u00f3n de censura que logr\u00f3 el pasado abril su destituci\u00f3n, promovida por una alianza de varios partidos liderada por la Liga Musulmana de Pakist\u00e1n del actual primer ministro, Shehbaz Sharif, se confabul\u00f3 con Estados Unidos.<\/p>\n\n\n\n<p>Esta marcha estaba movilizando a miles de partidarios y, seg\u00fan Khan, no ten\u00eda motivaciones pol\u00edticas ni personales, tampoco buscaba derrocar al Gobierno. Su objetivo era hacer que el pa\u00eds sea realmente independiente, sin injerencias extranjeras.<\/p>\n\n\n\n<p>Khan sostiene que su destituci\u00f3n fue un castigo de Washington por una visita a Rusia celebrada en la misma jornada en la que Mosc\u00fa comenz\u00f3 su ofensiva en Ucrania.<\/p>\n\n\n\n<p>Este jugador de cr\u00edquet convertido en pol\u00edtico cancel\u00f3 a finales de mayo una convocatoria similar para una marcha desde la ciudad de Peshawar a Islamabad despu\u00e9s de que la Polic\u00eda recurriera al uso de gases lacrim\u00f3genos y atacara con porras a los manifestantes.<\/p>\n\n\n\n<p>Khan, que lleg\u00f3 al poder despu\u00e9s de las elecciones generales de 2018, mantuvo buenas relaciones con el Ej\u00e9rcito paquistan\u00ed, al que se le atribuye gran influencia en el Gobierno. Sin embargo esa afinidad comenz\u00f3 a deteriorarse en los \u00faltimos dos a\u00f1os, debido supuestamente a su nueva pol\u00edtica exterior distanciada de EE.UU.<\/p>\n\n\n\n<p>Khan, que al principio del conflicto en Ucrania quiso presentarse como neutral en las relaciones de su pa\u00eds con los EE.UU. y Rusia, ha lamentado p\u00fablicamente en varias ocasiones el coste que tuvo para Pakist\u00e1n dar apoyo a Washington en la guerra en Afganist\u00e1n.<\/p>\n\n\n\n<p>Tras ser depuesto, Khan se ha referido indirectamente al jefe del Ej\u00e9rcito como un traidor por facilitar lo que dice que fue una conspiraci\u00f3n extranjera para derrocar a su gobierno.<\/p>\n","protected":false},"excerpt":{"rendered":"<p>viernes, 4 de noviembre de 2022 El ex primer ministro de Pakist\u00e1n, Imran Khan, result\u00f3&#8230;<\/p>\n","protected":false},"author":3,"featured_media":52357,"comment_status":"closed","ping_status":"closed","sticky":false,"template":"","format":"standard","meta":{"footnotes":""},"categories":[5],"tags":[],"class_list":["post-52356","post","type-post","status-publish","format-standard","has-post-thumbnail","hentry","category-internacional"],"_links":{"self":[{"href":"https:\/\/bambapolitica.com.mx\/index.php\/wp-json\/wp\/v2\/posts\/52356","targetHints":{"allow":["GET"]}}],"collection":[{"href":"https:\/\/bambapolitica.com.mx\/index.php\/wp-json\/wp\/v2\/posts"}],"about":[{"href":"https:\/\/bambapolitica.com.mx\/index.php\/wp-json\/wp\/v2\/types\/post"}],"author":[{"embeddable":true,"href":"https:\/\/bambapolitica.com.mx\/index.php\/wp-json\/wp\/v2\/users\/3"}],"replies":[{"embeddable":true,"href":"https:\/\/bambapolitica.com.mx\/index.php\/wp-json\/wp\/v2\/comments?post=52356"}],"version-history":[{"count":2,"href":"https:\/\/bambapolitica.com.mx\/index.php\/wp-json\/wp\/v2\/posts\/52356\/revisions"}],"predecessor-version":[{"id":52457,"href":"https:\/\/bambapolitica.com.mx\/index.php\/wp-json\/wp\/v2\/posts\/52356\/revisions\/52457"}],"wp:featuredmedia":[{"embeddable":true,"href":"https:\/\/bambapolitica.com.mx\/index.php\/wp-json\/wp\/v2\/media\/52357"}],"wp:attachment":[{"href":"https:\/\/bambapolitica.com.mx\/index.php\/wp-json\/wp\/v2\/media?parent=52356"}],"wp:term":[{"taxonomy":"category","embeddable":true,"href":"https:\/\/bambapolitica.com.mx\/index.php\/wp-json\/wp\/v2\/categories?post=52356"},{"taxonomy":"post_tag","embeddable":true,"href":"https:\/\/bambapolitica.com.mx\/index.php\/wp-json\/wp\/v2\/tags?post=52356"}],"curies":[{"name":"wp","href":"https:\/\/api.w.org\/{rel}","templated":true}]}}