{"id":52370,"date":"2022-11-03T10:06:10","date_gmt":"2022-11-03T16:06:10","guid":{"rendered":"http:\/\/bambapolitica.com.mx\/?p=52370"},"modified":"2022-11-03T10:07:05","modified_gmt":"2022-11-03T16:07:05","slug":"mexico-continua-preparando-el-mundial-2022-en-girona","status":"publish","type":"post","link":"https:\/\/bambapolitica.com.mx\/index.php\/2022\/11\/03\/mexico-continua-preparando-el-mundial-2022-en-girona\/","title":{"rendered":"M\u00e9xico contin\u00faa preparando el Mundial 2022 en Girona"},"content":{"rendered":"\n<p>jueves, 3 de noviembre de 2022<\/p>\n\n\n\n<p>M\u00e9xico llev\u00f3 a cabo su tercer entrenamiento en Girona, donde realiza una concentraci\u00f3n previa al Mundial de Qatar 2022<br>La selecci\u00f3n de M\u00e9xico, dirigida por Gerardo Martino, complet\u00f3 este jueves su tercer entrenamiento en la ciudad de Girona, donde est\u00e1 realizando una concentraci\u00f3n para preparar el Mundial de Qatar 2022 y disputar\u00e1 dos encuentros amistosos contra Irak y Suecia.<br>Ya est\u00e1n en Girona 17 de los 31 nombres incluidos en la lista para el Mundial que M\u00e9xico present\u00f3 la semana pasada, adem\u00e1s de 15 jugadores convocados por Martino en condici\u00f3n de \u2018sparring\u2019 para poder trabajar con garant\u00edas mientras los futbolistas de clubes europeos no se puedan incorporar a los entrenamientos.<\/p>\n\n\n\n<p>Los futbolistas como Hirving Lozano, delantero del N\u00e1poles, o Edson \u00c1lvarez, mediocentro del Ajax, se sumar\u00e1n a la concentraci\u00f3n a medida que sus clubes acaben la competici\u00f3n.<br>Martino deber\u00e1 dar la lista definitiva de 26 nombres como muy tarde el d\u00eda 14 de noviembre, por lo que la selecci\u00f3n ya afrontar\u00e1 el partido amistoso del d\u00eda 16 contra Suecia con el plantel que viajar\u00e1 a Qatar el d\u00eda 17. Antes, el d\u00eda 9, disputar\u00e1 un primer amistoso contra Irak, tambi\u00e9n en el estadio del Girona.<\/p>\n\n\n\n<p>M\u00e9xico forma parte del grupo C de Qatar y despu\u00e9s de retar a Polonia, se enfrentar\u00e1 el 26 de noviembre a Argentina y cerrar\u00e1 la primera ronda al medirse el 30 a Arabia Saud\u00ed.<\/p>\n\n\n\n<p>En Qatar, los mexicanos buscan superar la barrera de los octavos de final, en la que se han quedado en sus \u00faltimas siete participaciones.<\/p>\n\n\n\n<p>El Tri s\u00f3lo ha jugado los cuartos de final en las dos ocasiones que ha sido sede de la Copa del Mundo, 1970 y 1986.<\/p>\n","protected":false},"excerpt":{"rendered":"<p>jueves, 3 de noviembre de 2022 M\u00e9xico llev\u00f3 a cabo su tercer entrenamiento en Girona,&#8230;<\/p>\n","protected":false},"author":3,"featured_media":52373,"comment_status":"closed","ping_status":"closed","sticky":false,"template":"","format":"standard","meta":{"footnotes":""},"categories":[16],"tags":[],"class_list":["post-52370","post","type-post","status-publish","format-standard","has-post-thumbnail","hentry","category-deportes"],"_links":{"self":[{"href":"https:\/\/bambapolitica.com.mx\/index.php\/wp-json\/wp\/v2\/posts\/52370","targetHints":{"allow":["GET"]}}],"collection":[{"href":"https:\/\/bambapolitica.com.mx\/index.php\/wp-json\/wp\/v2\/posts"}],"about":[{"href":"https:\/\/bambapolitica.com.mx\/index.php\/wp-json\/wp\/v2\/types\/post"}],"author":[{"embeddable":true,"href":"https:\/\/bambapolitica.com.mx\/index.php\/wp-json\/wp\/v2\/users\/3"}],"replies":[{"embeddable":true,"href":"https:\/\/bambapolitica.com.mx\/index.php\/wp-json\/wp\/v2\/comments?post=52370"}],"version-history":[{"count":1,"href":"https:\/\/bambapolitica.com.mx\/index.php\/wp-json\/wp\/v2\/posts\/52370\/revisions"}],"predecessor-version":[{"id":52372,"href":"https:\/\/bambapolitica.com.mx\/index.php\/wp-json\/wp\/v2\/posts\/52370\/revisions\/52372"}],"wp:featuredmedia":[{"embeddable":true,"href":"https:\/\/bambapolitica.com.mx\/index.php\/wp-json\/wp\/v2\/media\/52373"}],"wp:attachment":[{"href":"https:\/\/bambapolitica.com.mx\/index.php\/wp-json\/wp\/v2\/media?parent=52370"}],"wp:term":[{"taxonomy":"category","embeddable":true,"href":"https:\/\/bambapolitica.com.mx\/index.php\/wp-json\/wp\/v2\/categories?post=52370"},{"taxonomy":"post_tag","embeddable":true,"href":"https:\/\/bambapolitica.com.mx\/index.php\/wp-json\/wp\/v2\/tags?post=52370"}],"curies":[{"name":"wp","href":"https:\/\/api.w.org\/{rel}","templated":true}]}}