{"id":52374,"date":"2022-11-03T10:08:42","date_gmt":"2022-11-03T16:08:42","guid":{"rendered":"http:\/\/bambapolitica.com.mx\/?p=52374"},"modified":"2022-11-03T10:08:44","modified_gmt":"2022-11-03T16:08:44","slug":"suspenden-a-javier-aguirre-durante-dos-partidos-por-protestar-a-arbitro","status":"publish","type":"post","link":"https:\/\/bambapolitica.com.mx\/index.php\/2022\/11\/03\/suspenden-a-javier-aguirre-durante-dos-partidos-por-protestar-a-arbitro\/","title":{"rendered":"Suspenden a Javier Aguirre durante dos partidos por protestar a \u00e1rbitro"},"content":{"rendered":"\n<p>jueves, 3 de noviembre de 2022<\/p>\n\n\n\n<p>Javier Aguirre, entrenador del Mallorca, fue sancionado con dos partidos de suspensi\u00f3n por los reclamos hechos a un \u00e1rbitro<br>El mexicano Javier Aguirre, entrenador del Mallorca, y Pablo Maffeo, lateral del conjunto balear, fueron sancionados con dos partidos de suspensi\u00f3n por el Comit\u00e9 de Competici\u00f3n de la Federaci\u00f3n Espa\u00f1ola de F\u00fatbol (RFEF) tras ser expulsados en el encuentro contra el Espanyol.<br>Seg\u00fan el acta arbitral, el \u2018vasco\u2019 Aguirre fue expulsado en el minuto 90 por protestar al cuarto \u00e1rbitro una de sus decisiones \u201cde forma reiterada desde fuera del \u00e1rea t\u00e9cnica\u201d y Mafeo tambi\u00e9n por el mismo motivo \u201ca la vez que realizaba gestos de desaprobaci\u00f3n y gritaba repitiendo en varias ocasiones: \u2018Esto es una puta verg\u00fcenza&#8217;\u201d.<\/p>\n\n\n\n<p>Diego Ribera, del cuerpo t\u00e9cnico del C\u00e1diz, tambi\u00e9n fue suspendido por dos partidos tras ser expulsado por \u201clanzar desde el banquillo el bal\u00f3n a un adversario, no estando \u00e9ste en juego\u201d.<\/p>\n\n\n\n<p>Por otro lado, han sido sancionados con un partido de suspensi\u00f3n, por acumulaci\u00f3n de amonestaciones, Sa\u00fal \u00d1\u00edguez (Atl\u00e9tico de Madrid), Antonio Raillo (Mallorca) e Isco Alarc\u00f3n (Sevilla); por doble amonestaci\u00f3n Jordan Kevin Amavi (Getafe) y Toni Kroos (Real Madrid); y por \u2018violencia-suspensi\u00f3n\u2019, Gabri Veiga (Celta).<\/p>\n\n\n\n<p>Competici\u00f3n tambi\u00e9n acord\u00f3 dejar sin efecto la amonestaci\u00f3n impuesta al osasunista Lucas Torr\u00f3.<\/p>\n","protected":false},"excerpt":{"rendered":"<p>jueves, 3 de noviembre de 2022 Javier Aguirre, entrenador del Mallorca, fue sancionado con dos&#8230;<\/p>\n","protected":false},"author":3,"featured_media":52375,"comment_status":"closed","ping_status":"closed","sticky":false,"template":"","format":"standard","meta":{"footnotes":""},"categories":[16],"tags":[],"class_list":["post-52374","post","type-post","status-publish","format-standard","has-post-thumbnail","hentry","category-deportes"],"_links":{"self":[{"href":"https:\/\/bambapolitica.com.mx\/index.php\/wp-json\/wp\/v2\/posts\/52374","targetHints":{"allow":["GET"]}}],"collection":[{"href":"https:\/\/bambapolitica.com.mx\/index.php\/wp-json\/wp\/v2\/posts"}],"about":[{"href":"https:\/\/bambapolitica.com.mx\/index.php\/wp-json\/wp\/v2\/types\/post"}],"author":[{"embeddable":true,"href":"https:\/\/bambapolitica.com.mx\/index.php\/wp-json\/wp\/v2\/users\/3"}],"replies":[{"embeddable":true,"href":"https:\/\/bambapolitica.com.mx\/index.php\/wp-json\/wp\/v2\/comments?post=52374"}],"version-history":[{"count":1,"href":"https:\/\/bambapolitica.com.mx\/index.php\/wp-json\/wp\/v2\/posts\/52374\/revisions"}],"predecessor-version":[{"id":52376,"href":"https:\/\/bambapolitica.com.mx\/index.php\/wp-json\/wp\/v2\/posts\/52374\/revisions\/52376"}],"wp:featuredmedia":[{"embeddable":true,"href":"https:\/\/bambapolitica.com.mx\/index.php\/wp-json\/wp\/v2\/media\/52375"}],"wp:attachment":[{"href":"https:\/\/bambapolitica.com.mx\/index.php\/wp-json\/wp\/v2\/media?parent=52374"}],"wp:term":[{"taxonomy":"category","embeddable":true,"href":"https:\/\/bambapolitica.com.mx\/index.php\/wp-json\/wp\/v2\/categories?post=52374"},{"taxonomy":"post_tag","embeddable":true,"href":"https:\/\/bambapolitica.com.mx\/index.php\/wp-json\/wp\/v2\/tags?post=52374"}],"curies":[{"name":"wp","href":"https:\/\/api.w.org\/{rel}","templated":true}]}}