{"id":52377,"date":"2022-11-03T10:25:08","date_gmt":"2022-11-03T16:25:08","guid":{"rendered":"http:\/\/bambapolitica.com.mx\/?p=52377"},"modified":"2022-11-03T10:25:11","modified_gmt":"2022-11-03T16:25:11","slug":"neuer-revela-que-ha-sido-operado-tres-veces-de-cancer-en-la-piel","status":"publish","type":"post","link":"https:\/\/bambapolitica.com.mx\/index.php\/2022\/11\/03\/neuer-revela-que-ha-sido-operado-tres-veces-de-cancer-en-la-piel\/","title":{"rendered":"Neuer revela que ha sido operado tres veces de c\u00e1ncer en la piel"},"content":{"rendered":"\n<p>jueves, 3 de noviembre de 2022<\/p>\n\n\n\n<p>Manuel Neuer, portero del Bayern M\u00fanich y de Alemania, dijo en redes sociales que ha sufrido de c\u00e1ncer en la piel en el rostro<\/p>\n\n\n\n<p><br>El portero y capit\u00e1n del Bayern M\u00fanich y de la selecci\u00f3n alemana, Manuel Neuer, revel\u00f3 que ha sido operado tres veces de c\u00e1ncer en la piel lo que lo ha motivado para lanzar una crema de protecci\u00f3n solar junto con la tenista Angelique Kerber.<br>\u201cLos dos tenemos una historia personal con respecto a las enfermedades de la piel. Angelique ha tenido una hiperpigmentaci\u00f3n relacionada con el sol y yo c\u00e1ncer en la piel en el rostro por lo que he tenido que ser operado tres veces\u201d, dijo Neuer en un comunicado de prensa.<\/p>\n\n\n\n<p>\u201cPor ello no hacemos concesiones en cuanto a la protecci\u00f3n solar, adem\u00e1s entrenamos al aire libre y nos gusta tambi\u00e9n pasar el tiempo libre al aire libre\u201d, agreg\u00f3.<\/p>\n\n\n\n<p>En 2021, ya hab\u00eda habido especulaciones sobre una posible enfermedad en la piel de Neuer cuando se le vio con un vendaje en el rostro.<\/p>\n\n\n\n<p>El c\u00e1ncer no ha tenido hasta ahora repercusiones deportivas para Neuer. En cambio ahora se recupera de unos problemas en el hombro por los que ha causado baja con el Bayern en los \u00faltimos partidos.<\/p>\n","protected":false},"excerpt":{"rendered":"<p>jueves, 3 de noviembre de 2022 Manuel Neuer, portero del Bayern M\u00fanich y de Alemania,&#8230;<\/p>\n","protected":false},"author":3,"featured_media":52378,"comment_status":"closed","ping_status":"closed","sticky":false,"template":"","format":"standard","meta":{"footnotes":""},"categories":[16],"tags":[],"class_list":["post-52377","post","type-post","status-publish","format-standard","has-post-thumbnail","hentry","category-deportes"],"_links":{"self":[{"href":"https:\/\/bambapolitica.com.mx\/index.php\/wp-json\/wp\/v2\/posts\/52377","targetHints":{"allow":["GET"]}}],"collection":[{"href":"https:\/\/bambapolitica.com.mx\/index.php\/wp-json\/wp\/v2\/posts"}],"about":[{"href":"https:\/\/bambapolitica.com.mx\/index.php\/wp-json\/wp\/v2\/types\/post"}],"author":[{"embeddable":true,"href":"https:\/\/bambapolitica.com.mx\/index.php\/wp-json\/wp\/v2\/users\/3"}],"replies":[{"embeddable":true,"href":"https:\/\/bambapolitica.com.mx\/index.php\/wp-json\/wp\/v2\/comments?post=52377"}],"version-history":[{"count":1,"href":"https:\/\/bambapolitica.com.mx\/index.php\/wp-json\/wp\/v2\/posts\/52377\/revisions"}],"predecessor-version":[{"id":52379,"href":"https:\/\/bambapolitica.com.mx\/index.php\/wp-json\/wp\/v2\/posts\/52377\/revisions\/52379"}],"wp:featuredmedia":[{"embeddable":true,"href":"https:\/\/bambapolitica.com.mx\/index.php\/wp-json\/wp\/v2\/media\/52378"}],"wp:attachment":[{"href":"https:\/\/bambapolitica.com.mx\/index.php\/wp-json\/wp\/v2\/media?parent=52377"}],"wp:term":[{"taxonomy":"category","embeddable":true,"href":"https:\/\/bambapolitica.com.mx\/index.php\/wp-json\/wp\/v2\/categories?post=52377"},{"taxonomy":"post_tag","embeddable":true,"href":"https:\/\/bambapolitica.com.mx\/index.php\/wp-json\/wp\/v2\/tags?post=52377"}],"curies":[{"name":"wp","href":"https:\/\/api.w.org\/{rel}","templated":true}]}}