{"id":52465,"date":"2022-11-07T07:37:24","date_gmt":"2022-11-07T13:37:24","guid":{"rendered":"http:\/\/bambapolitica.com.mx\/?p=52465"},"modified":"2022-11-07T07:37:27","modified_gmt":"2022-11-07T13:37:27","slug":"maestros-suspenden-clases-en-escuelas-de-veracruz-exigen-a-la-sep-pagos-pendientes","status":"publish","type":"post","link":"https:\/\/bambapolitica.com.mx\/index.php\/2022\/11\/07\/maestros-suspenden-clases-en-escuelas-de-veracruz-exigen-a-la-sep-pagos-pendientes\/","title":{"rendered":"Maestros suspenden clases en escuelas de Veracruz; exigen a la SEP pagos pendientes"},"content":{"rendered":"\n<p>lunes, 7 de noviembre de 2022<\/p>\n\n\n\n<p>El Gobierno del Estado de Veracruz ha informado que los pagos se ver\u00e1n reflejados en la segunda quincena de diciembre, sin embargo, los docentes exigen que sea para la pr\u00f3xima quincena.<br>Maestros del estado de Veracruz suspendieron actividades en escuelas y realizaron plantones en las oficinas de la Secretar\u00eda de Educaci\u00f3n, para reclamar el pago de la nivelaci\u00f3n salarial prometida en mayo pasado.<\/p>\n\n\n\n<p>El Gobierno Estatal hab\u00eda anunciado que para la segunda quincena de diciembre pagar\u00edan el adeudo a 67 mil trabajadores del magisterio con plazas estatales, sin embargo, los docentes cumplieron la advertencia de suspender actividades y movilizarse para reclamar el aumento del uno al tres por ciento prometido.<\/p>\n\n\n\n<p>Actividad suspendida en escuelas de Xalapa<\/p>\n\n\n\n<p>Primaria Carlos A. Carrillo<br>Jardines de Ni\u00f1os Margarita Maza de Ju\u00e1rez; Virginia Aguilar, Luz Maria Serradell Romero<br>Primaria Antonio Pe\u00f1afiel<br>Jard\u00edn de ni\u00f1os Enrique Pestalozzi<br>Escuela Primaria Salvador D\u00edaz Mir\u00f3n<br>Primaria Macuiltepec<br>Jard\u00edn de ni\u00f1os Lilia Judith Loman en Piedra de Agua<br>Jard\u00edn de ni\u00f1os Obrero Campesino; Violeta Sordo Lagunes,<br>Primaria Carlos A. Carrillo.<br>Fueron tomadas delegaciones regionales de la SEV como la de Mart\u00ednez de la Torre y Veracruz, y del van sumando otras m\u00e1s.<br>El domingo, el gobernador Cuitl\u00e1huac Garc\u00eda Jim\u00e9nez public\u00f3 en sus redes sociales, que el incremento salarial del 1, 2 y 3 por ciento para maestros estatales ser\u00e1 efectivo en diciembre y retroactivo, adem\u00e1s, mencion\u00f3 que se hab\u00eda reunido con los titulares de Finanzas y Planeaci\u00f3n, Jos\u00e9 Luis Franco; de Educaci\u00f3n Zenyazen Escobar as\u00ed como la Oficial Mayor Mayor Ariadna Aguilar, a quienes conf\u00edo realizar los tr\u00e1mites correspondientes a fin de cumplir con el magisterio.<\/p>\n\n\n\n<p>La Federaci\u00f3n les prometi\u00f3 que apoyar\u00e1 \u201cen las dos pr\u00f3ximas semanas, con una parte importante del total del d\u00e9ficit heredado de cada fin de a\u00f1o, por lo que podr\u00e1n destinar a principios de diciembre algunos recursos estatales y as\u00ed pagar lo correspondiente al incremento salarial, explic\u00f3 el gobernador Cuitl\u00e1huac Garc\u00eda.<\/p>\n\n\n\n<p>El titular de SEFIPLAN viajar\u00eda a la Ciudad de M\u00e9xico para obtener dicha garant\u00eda federal.<br>Los incrementos al magisterio incluir\u00e1 tanto a docentes como administrativos estatales, y el pago se realizar\u00e1 este mismo a\u00f1o, a m\u00e1s tardar antes de la segunda quincena de diciembre.<br>Pese a los anuncios del gobernador, los maestros realizaron el plant\u00f3n en las oficinas de la SEP de Veracruz para expresar su inconformidad y exigir que los pagos se realicen, a m\u00e1s tardar, en la siguiente quincena.<\/p>\n","protected":false},"excerpt":{"rendered":"<p>lunes, 7 de noviembre de 2022 El Gobierno del Estado de Veracruz ha informado que&#8230;<\/p>\n","protected":false},"author":3,"featured_media":52466,"comment_status":"closed","ping_status":"closed","sticky":false,"template":"","format":"standard","meta":{"footnotes":""},"categories":[4],"tags":[],"class_list":["post-52465","post","type-post","status-publish","format-standard","has-post-thumbnail","hentry","category-noticias-del-dia"],"_links":{"self":[{"href":"https:\/\/bambapolitica.com.mx\/index.php\/wp-json\/wp\/v2\/posts\/52465","targetHints":{"allow":["GET"]}}],"collection":[{"href":"https:\/\/bambapolitica.com.mx\/index.php\/wp-json\/wp\/v2\/posts"}],"about":[{"href":"https:\/\/bambapolitica.com.mx\/index.php\/wp-json\/wp\/v2\/types\/post"}],"author":[{"embeddable":true,"href":"https:\/\/bambapolitica.com.mx\/index.php\/wp-json\/wp\/v2\/users\/3"}],"replies":[{"embeddable":true,"href":"https:\/\/bambapolitica.com.mx\/index.php\/wp-json\/wp\/v2\/comments?post=52465"}],"version-history":[{"count":1,"href":"https:\/\/bambapolitica.com.mx\/index.php\/wp-json\/wp\/v2\/posts\/52465\/revisions"}],"predecessor-version":[{"id":52467,"href":"https:\/\/bambapolitica.com.mx\/index.php\/wp-json\/wp\/v2\/posts\/52465\/revisions\/52467"}],"wp:featuredmedia":[{"embeddable":true,"href":"https:\/\/bambapolitica.com.mx\/index.php\/wp-json\/wp\/v2\/media\/52466"}],"wp:attachment":[{"href":"https:\/\/bambapolitica.com.mx\/index.php\/wp-json\/wp\/v2\/media?parent=52465"}],"wp:term":[{"taxonomy":"category","embeddable":true,"href":"https:\/\/bambapolitica.com.mx\/index.php\/wp-json\/wp\/v2\/categories?post=52465"},{"taxonomy":"post_tag","embeddable":true,"href":"https:\/\/bambapolitica.com.mx\/index.php\/wp-json\/wp\/v2\/tags?post=52465"}],"curies":[{"name":"wp","href":"https:\/\/api.w.org\/{rel}","templated":true}]}}