{"id":52468,"date":"2022-11-07T07:47:26","date_gmt":"2022-11-07T13:47:26","guid":{"rendered":"http:\/\/bambapolitica.com.mx\/?p=52468"},"modified":"2022-11-07T07:47:29","modified_gmt":"2022-11-07T13:47:29","slug":"unidad-de-la-sedena-choca-contra-trailer-en-soto-la-marina-mueren-6-militares","status":"publish","type":"post","link":"https:\/\/bambapolitica.com.mx\/index.php\/2022\/11\/07\/unidad-de-la-sedena-choca-contra-trailer-en-soto-la-marina-mueren-6-militares\/","title":{"rendered":"Unidad de la Sedena choca contra tr\u00e1iler en Soto La Marina; mueren 6 militares"},"content":{"rendered":"\n<p>lunes, 7 de noviembre de 2022<\/p>\n\n\n\n<p>El accidente sucedi\u00f3 en la carretera Soto La Marina-Rayones, donde siete m\u00e1s resultaron lesionados.<br>Elementos de la Secretar\u00eda de la Defensa Nacional participaron en un choque contra un tr\u00e1iler, donde por lo menos seis militares perdieron la vida y siete m\u00e1s resultaron lesionados en la carretera Soto La Marina-Rayones.<\/p>\n\n\n\n<p>De acuerdo al reporte de las autoridades, los hechos se registraron a la altura del kil\u00f3metro 215, donde una unidad de la Sedena se impact\u00f3 contra un tr\u00e1iler, lo que gener\u00f3 una gran movilizaci\u00f3n de ambulancias y personal de Protecci\u00f3n Civil.<br>El tramo carretero es resguardado por elementos del ej\u00e9rcito, la Guardia Nacional y Polic\u00eda Estatal, en este momento las autoridades estaban determinado las causas del accidente y se est\u00e1n levantando los cuerpos de las personas que perdieron la vida, as\u00ed que el tramo va a permanecer cerrado varias horas.<\/p>\n\n\n\n<p>El oficial y los cinco elementos de tropa eran personal del 15 Batall\u00f3n de Infanter\u00eda de Tampico, pero realizaban un operativo de vigilancia en la zona de Soto la Marina.<\/p>\n\n\n\n<p>Al lugar arribaron personal de protecci\u00f3n civil, cruz roja y autoridades militares, entre otras m\u00e1s.<\/p>\n\n\n\n<p>Tramo cerrado<br>La Secretar\u00eda de Seguridad P\u00fablica informa que la carretera sobre el kil\u00f3metro 180 km, tramo Soto la Marina, est\u00e1 obstaculizada en ambos sentidos. Por lo que recomienda tomar v\u00edas alternas.<\/p>\n","protected":false},"excerpt":{"rendered":"<p>lunes, 7 de noviembre de 2022 El accidente sucedi\u00f3 en la carretera Soto La Marina-Rayones,&#8230;<\/p>\n","protected":false},"author":3,"featured_media":52469,"comment_status":"closed","ping_status":"closed","sticky":false,"template":"","format":"standard","meta":{"footnotes":""},"categories":[4],"tags":[],"class_list":["post-52468","post","type-post","status-publish","format-standard","has-post-thumbnail","hentry","category-noticias-del-dia"],"_links":{"self":[{"href":"https:\/\/bambapolitica.com.mx\/index.php\/wp-json\/wp\/v2\/posts\/52468","targetHints":{"allow":["GET"]}}],"collection":[{"href":"https:\/\/bambapolitica.com.mx\/index.php\/wp-json\/wp\/v2\/posts"}],"about":[{"href":"https:\/\/bambapolitica.com.mx\/index.php\/wp-json\/wp\/v2\/types\/post"}],"author":[{"embeddable":true,"href":"https:\/\/bambapolitica.com.mx\/index.php\/wp-json\/wp\/v2\/users\/3"}],"replies":[{"embeddable":true,"href":"https:\/\/bambapolitica.com.mx\/index.php\/wp-json\/wp\/v2\/comments?post=52468"}],"version-history":[{"count":1,"href":"https:\/\/bambapolitica.com.mx\/index.php\/wp-json\/wp\/v2\/posts\/52468\/revisions"}],"predecessor-version":[{"id":52470,"href":"https:\/\/bambapolitica.com.mx\/index.php\/wp-json\/wp\/v2\/posts\/52468\/revisions\/52470"}],"wp:featuredmedia":[{"embeddable":true,"href":"https:\/\/bambapolitica.com.mx\/index.php\/wp-json\/wp\/v2\/media\/52469"}],"wp:attachment":[{"href":"https:\/\/bambapolitica.com.mx\/index.php\/wp-json\/wp\/v2\/media?parent=52468"}],"wp:term":[{"taxonomy":"category","embeddable":true,"href":"https:\/\/bambapolitica.com.mx\/index.php\/wp-json\/wp\/v2\/categories?post=52468"},{"taxonomy":"post_tag","embeddable":true,"href":"https:\/\/bambapolitica.com.mx\/index.php\/wp-json\/wp\/v2\/tags?post=52468"}],"curies":[{"name":"wp","href":"https:\/\/api.w.org\/{rel}","templated":true}]}}