{"id":52474,"date":"2022-11-07T07:54:19","date_gmt":"2022-11-07T13:54:19","guid":{"rendered":"http:\/\/bambapolitica.com.mx\/?p=52474"},"modified":"2022-11-07T07:54:21","modified_gmt":"2022-11-07T13:54:21","slug":"economia-cancela-la-norma-de-verificacion-de-condiciones-fisico-mecanicas-de-vehiculos","status":"publish","type":"post","link":"https:\/\/bambapolitica.com.mx\/index.php\/2022\/11\/07\/economia-cancela-la-norma-de-verificacion-de-condiciones-fisico-mecanicas-de-vehiculos\/","title":{"rendered":"Econom\u00eda cancela la norma de verificaci\u00f3n de condiciones f\u00edsico-mec\u00e1nicas de veh\u00edculos"},"content":{"rendered":"\n<p>lunes, 7 de noviembre de 2022<\/p>\n\n\n\n<p>Por orden presidencial, se cancel\u00f3 la NOM-236-SE-2021 sobre la verificaci\u00f3n de condiciones f\u00edsico-mec\u00e1nicas a veh\u00edculos en circulaci\u00f3n<\/p>\n\n\n\n<p>La Secretar\u00eda de Econom\u00eda cancel\u00f3 la NOM-236-SE-2021 sobre la verificaci\u00f3n de condiciones f\u00edsico-mec\u00e1nicas a veh\u00edculos en circulaci\u00f3n.<\/p>\n\n\n\n<p>La cancelaci\u00f3n de la norma se dio a seis meses de su publicaci\u00f3n y previo a su entrada en vigor por orden presidencial, por lo que los mexicanos ya no tendr\u00e1n que verificar las condiciones de sus autom\u00f3viles.<br>La Comisi\u00f3n Nacional de Infraestructura de la Calidad de la dependencia cancel\u00f3 la \u201cinspecci\u00f3n t\u00e9cnica de las condiciones f\u00edsico-mec\u00e1nicas de veh\u00edculos ligeros que pesen menos de 3.8 toneladas\u201d el pasado 4 de noviembre.<\/p>\n\n\n\n<p>Norma estaba programada para su entrada en vigor el 1 de diciembre del 2022.<\/p>\n\n\n\n<p>La Secretar\u00eda de Econom\u00eda explic\u00f3 que la norma se cancel\u00f3 porque \u201cpod\u00eda afectar negativamente el ingreso de las familias mexicanas que utilizan sus veh\u00edculos como herramientas de trabajo\u201d.<\/p>\n\n\n\n<p>Adem\u00e1s, expuso que la NOM-236-SE-2021 implicaba gastos no previstos por parte de los mexicanos para aprobar las inspecciones, el pago de la propia verificaci\u00f3n de los veh\u00edculos, as\u00ed como su reparaci\u00f3n.<\/p>\n\n\n\n<p>La norma se public\u00f3 el 3 de mayo de 2022 en el Diario Oficial de la Federaci\u00f3n, cuando Tatiana Clouthier segu\u00eda al frente de la Secretar\u00eda de Econom\u00eda.<\/p>\n\n\n\n<p>En respuesta, el presidente Andr\u00e9s Manuel L\u00f3pez Obrador manifest\u00f3 en una conferencia matutina que no ten\u00eda conocimiento de la norma y dej\u00f3 en claro que no entrar\u00eda en vigor.<\/p>\n","protected":false},"excerpt":{"rendered":"<p>lunes, 7 de noviembre de 2022 Por orden presidencial, se cancel\u00f3 la NOM-236-SE-2021 sobre la&#8230;<\/p>\n","protected":false},"author":3,"featured_media":52476,"comment_status":"closed","ping_status":"closed","sticky":false,"template":"","format":"standard","meta":{"footnotes":""},"categories":[4],"tags":[],"class_list":["post-52474","post","type-post","status-publish","format-standard","has-post-thumbnail","hentry","category-noticias-del-dia"],"_links":{"self":[{"href":"https:\/\/bambapolitica.com.mx\/index.php\/wp-json\/wp\/v2\/posts\/52474","targetHints":{"allow":["GET"]}}],"collection":[{"href":"https:\/\/bambapolitica.com.mx\/index.php\/wp-json\/wp\/v2\/posts"}],"about":[{"href":"https:\/\/bambapolitica.com.mx\/index.php\/wp-json\/wp\/v2\/types\/post"}],"author":[{"embeddable":true,"href":"https:\/\/bambapolitica.com.mx\/index.php\/wp-json\/wp\/v2\/users\/3"}],"replies":[{"embeddable":true,"href":"https:\/\/bambapolitica.com.mx\/index.php\/wp-json\/wp\/v2\/comments?post=52474"}],"version-history":[{"count":1,"href":"https:\/\/bambapolitica.com.mx\/index.php\/wp-json\/wp\/v2\/posts\/52474\/revisions"}],"predecessor-version":[{"id":52477,"href":"https:\/\/bambapolitica.com.mx\/index.php\/wp-json\/wp\/v2\/posts\/52474\/revisions\/52477"}],"wp:featuredmedia":[{"embeddable":true,"href":"https:\/\/bambapolitica.com.mx\/index.php\/wp-json\/wp\/v2\/media\/52476"}],"wp:attachment":[{"href":"https:\/\/bambapolitica.com.mx\/index.php\/wp-json\/wp\/v2\/media?parent=52474"}],"wp:term":[{"taxonomy":"category","embeddable":true,"href":"https:\/\/bambapolitica.com.mx\/index.php\/wp-json\/wp\/v2\/categories?post=52474"},{"taxonomy":"post_tag","embeddable":true,"href":"https:\/\/bambapolitica.com.mx\/index.php\/wp-json\/wp\/v2\/tags?post=52474"}],"curies":[{"name":"wp","href":"https:\/\/api.w.org\/{rel}","templated":true}]}}