{"id":52479,"date":"2022-11-07T07:59:45","date_gmt":"2022-11-07T13:59:45","guid":{"rendered":"http:\/\/bambapolitica.com.mx\/?p=52479"},"modified":"2022-11-07T07:59:50","modified_gmt":"2022-11-07T13:59:50","slug":"ebrard-descarta-campana-en-ciudad-de-mexico-ahorita-son-visitas","status":"publish","type":"post","link":"https:\/\/bambapolitica.com.mx\/index.php\/2022\/11\/07\/ebrard-descarta-campana-en-ciudad-de-mexico-ahorita-son-visitas\/","title":{"rendered":"Ebrard descarta campa\u00f1a en Ciudad de M\u00e9xico; \u201cahorita son visitas\u201d"},"content":{"rendered":"\n<p>lunes, 7 de noviembre de 2022<\/p>\n\n\n\n<p>Marcelo Ebrard anunci\u00f3 una gira por la Ciudad de M\u00e9xico y asegur\u00f3 que no se trata de un acto de campa\u00f1a<\/p>\n\n\n\n<p>Marcelo Ebrard, secretario de Relaciones Exteriores, asegur\u00f3 desde la alcald\u00eda Coyoac\u00e1n que continuar\u00e1 con la \u2018Cuarta Transformaci\u00f3n\u2018 y record\u00f3 que se ha mantenido leal al movimiento desde hace 23 a\u00f1os.<\/p>\n\n\n\n<p>Ahorita me pregunt\u00f3 un compa\u00f1ero \u2018\u00bfT\u00fa vas a seguir la cuarta transformaci\u00f3n?\u2019 S\u00ed, yo he militado en este movimiento hasta ahorita, pues \u00e9chenle de 1999 a 2022. C\u00f3mo me sigues preguntando eso despu\u00e9s de 23 a\u00f1os que nos hemos partido la madre. Hemos estado en todo, en plantones, en discusiones\u201d, expres\u00f3 Ebrard Casaub\u00f3n en el \u2018Foro Ciudad Modelo con Visi\u00f3n del Futuro\u2019.<\/p>\n\n\n\n<p>Sobre su origen priista, Ebrard dijo que a pesar de ello \u201clo que importa es a d\u00f3nde vas, no de d\u00f3nde vienes\u201d.<\/p>\n\n\n\n<p>El canciller mexicano manifest\u00f3 que se deben consolidar proyectos como el Tren Maya y la Guardia Nacional.<\/p>\n\n\n\n<p>\u00c9l (Andr\u00e9s Manuel L\u00f3pez Obrador) ha hecho un gran trabajo, pero tenemos que dar el siguiente paso. Tenemos un cimiento, pero tenemos que hacer varios pisos arriba. Eso se llama cambio, continuidad y cambio\u201d, manifest\u00f3.<\/p>\n\n\n\n<p>Marcelo Ebrard anunci\u00f3 una gira por la Ciudad de M\u00e9xico y asegur\u00f3 que no se trata de un acto de campa\u00f1a, sino que ha sido invitado a varias alcald\u00edas.<\/p>\n\n\n\n<p>Campa\u00f1a no porque esas son en el 24, ahorita son de visitas, me est\u00e1n invitando a muchos lugares que no hab\u00eda o\u00eddos atender, pero este fin de semana como no estuve fuera de M\u00e9xico por eso estoy aqu\u00ed. Hace tiempo que est\u00e1n duro y dale invit\u00e1ndome en visitar, tenemos invitaciones en todas las delegaciones\u201d, expres\u00f3.<\/p>\n","protected":false},"excerpt":{"rendered":"<p>lunes, 7 de noviembre de 2022 Marcelo Ebrard anunci\u00f3 una gira por la Ciudad de&#8230;<\/p>\n","protected":false},"author":3,"featured_media":52480,"comment_status":"closed","ping_status":"closed","sticky":false,"template":"","format":"standard","meta":{"footnotes":""},"categories":[4],"tags":[],"class_list":["post-52479","post","type-post","status-publish","format-standard","has-post-thumbnail","hentry","category-noticias-del-dia"],"_links":{"self":[{"href":"https:\/\/bambapolitica.com.mx\/index.php\/wp-json\/wp\/v2\/posts\/52479","targetHints":{"allow":["GET"]}}],"collection":[{"href":"https:\/\/bambapolitica.com.mx\/index.php\/wp-json\/wp\/v2\/posts"}],"about":[{"href":"https:\/\/bambapolitica.com.mx\/index.php\/wp-json\/wp\/v2\/types\/post"}],"author":[{"embeddable":true,"href":"https:\/\/bambapolitica.com.mx\/index.php\/wp-json\/wp\/v2\/users\/3"}],"replies":[{"embeddable":true,"href":"https:\/\/bambapolitica.com.mx\/index.php\/wp-json\/wp\/v2\/comments?post=52479"}],"version-history":[{"count":1,"href":"https:\/\/bambapolitica.com.mx\/index.php\/wp-json\/wp\/v2\/posts\/52479\/revisions"}],"predecessor-version":[{"id":52481,"href":"https:\/\/bambapolitica.com.mx\/index.php\/wp-json\/wp\/v2\/posts\/52479\/revisions\/52481"}],"wp:featuredmedia":[{"embeddable":true,"href":"https:\/\/bambapolitica.com.mx\/index.php\/wp-json\/wp\/v2\/media\/52480"}],"wp:attachment":[{"href":"https:\/\/bambapolitica.com.mx\/index.php\/wp-json\/wp\/v2\/media?parent=52479"}],"wp:term":[{"taxonomy":"category","embeddable":true,"href":"https:\/\/bambapolitica.com.mx\/index.php\/wp-json\/wp\/v2\/categories?post=52479"},{"taxonomy":"post_tag","embeddable":true,"href":"https:\/\/bambapolitica.com.mx\/index.php\/wp-json\/wp\/v2\/tags?post=52479"}],"curies":[{"name":"wp","href":"https:\/\/api.w.org\/{rel}","templated":true}]}}