{"id":52482,"date":"2022-11-07T08:09:01","date_gmt":"2022-11-07T14:09:01","guid":{"rendered":"http:\/\/bambapolitica.com.mx\/?p=52482"},"modified":"2022-11-07T08:09:05","modified_gmt":"2022-11-07T14:09:05","slug":"millones-de-mexicanos-acompanan-la-defensa-de-la-democracia-lorenzo-cordova","status":"publish","type":"post","link":"https:\/\/bambapolitica.com.mx\/index.php\/2022\/11\/07\/millones-de-mexicanos-acompanan-la-defensa-de-la-democracia-lorenzo-cordova\/","title":{"rendered":"Millones de mexicanos acompa\u00f1an la defensa de la democracia: Lorenzo C\u00f3rdova"},"content":{"rendered":"\n<p>lunes, 7 de noviembre de 2022<\/p>\n\n\n\n<p>Lorenzo C\u00f3rdova sentenci\u00f3 que no necesita recomendaciones, exhortos ni \u201cinterferencias inconstitucionales\u201d para garantizar los derechos pol\u00edticos de la ciudadan\u00eda<\/p>\n\n\n\n<p><br>Lorenzo C\u00f3rdova, consejero presidente del Instituto Nacional Electoral (INE), asegur\u00f3 que millones de mexicanos acompa\u00f1an la defensa de la democracia.<\/p>\n\n\n\n<p>La defensa de la democracia es un imperativo y una causa que, afortunadamente, es acompa\u00f1ada por millones de mexicanas y mexicanos. El INE es una obra colectiva y un patrimonio de todas y todos los mexicanos\u201d, expres\u00f3 C\u00f3rdova Vianello en su mensaje dominical.<br>C\u00f3rdova Vianello sentenci\u00f3 que no necesita recomendaciones, exhortos ni \u201cinterferencias inconstitucionales de otros organismos\u201d para promover y garantizar los derechos pol\u00edticos de la ciudadan\u00eda \u201ccomo lo hacemos todos los d\u00edas\u201d.<\/p>\n\n\n\n<p>Record\u00f3 que desde su fundaci\u00f3n en 1990, la raz\u00f3n de ser del ahora INE (antes IFE) es la defensa de los derechos pol\u00edtico-electorales.<\/p>\n\n\n\n<p>El consejero presidente del INE asegur\u00f3 que con autonom\u00eda e independencia, el organismo electoral trabajar\u00e1 de la mano de los poderes Ejecutivo, Legislativo y Judicial y otros organismos aut\u00f3nomos.<\/p>\n\n\n\n<p>Sobre la discusi\u00f3n de una reforma electoral, C\u00f3rdova Vianello manifest\u00f3 su \u201cdisposici\u00f3n total\u201d para la creaci\u00f3n de una iniciativa \u201cprogresiva y no regresiva, una que ampl\u00ede y no que conculque derechos ciudadanos, que mejore lo que hoy tenemos, y no que nos regrese a un pasado autoritario en donde el Gobierno controlaba las elecciones\u201d.<\/p>\n","protected":false},"excerpt":{"rendered":"<p>lunes, 7 de noviembre de 2022 Lorenzo C\u00f3rdova sentenci\u00f3 que no necesita recomendaciones, exhortos ni&#8230;<\/p>\n","protected":false},"author":3,"featured_media":52483,"comment_status":"closed","ping_status":"closed","sticky":false,"template":"","format":"standard","meta":{"footnotes":""},"categories":[4],"tags":[],"class_list":["post-52482","post","type-post","status-publish","format-standard","has-post-thumbnail","hentry","category-noticias-del-dia"],"_links":{"self":[{"href":"https:\/\/bambapolitica.com.mx\/index.php\/wp-json\/wp\/v2\/posts\/52482","targetHints":{"allow":["GET"]}}],"collection":[{"href":"https:\/\/bambapolitica.com.mx\/index.php\/wp-json\/wp\/v2\/posts"}],"about":[{"href":"https:\/\/bambapolitica.com.mx\/index.php\/wp-json\/wp\/v2\/types\/post"}],"author":[{"embeddable":true,"href":"https:\/\/bambapolitica.com.mx\/index.php\/wp-json\/wp\/v2\/users\/3"}],"replies":[{"embeddable":true,"href":"https:\/\/bambapolitica.com.mx\/index.php\/wp-json\/wp\/v2\/comments?post=52482"}],"version-history":[{"count":1,"href":"https:\/\/bambapolitica.com.mx\/index.php\/wp-json\/wp\/v2\/posts\/52482\/revisions"}],"predecessor-version":[{"id":52484,"href":"https:\/\/bambapolitica.com.mx\/index.php\/wp-json\/wp\/v2\/posts\/52482\/revisions\/52484"}],"wp:featuredmedia":[{"embeddable":true,"href":"https:\/\/bambapolitica.com.mx\/index.php\/wp-json\/wp\/v2\/media\/52483"}],"wp:attachment":[{"href":"https:\/\/bambapolitica.com.mx\/index.php\/wp-json\/wp\/v2\/media?parent=52482"}],"wp:term":[{"taxonomy":"category","embeddable":true,"href":"https:\/\/bambapolitica.com.mx\/index.php\/wp-json\/wp\/v2\/categories?post=52482"},{"taxonomy":"post_tag","embeddable":true,"href":"https:\/\/bambapolitica.com.mx\/index.php\/wp-json\/wp\/v2\/tags?post=52482"}],"curies":[{"name":"wp","href":"https:\/\/api.w.org\/{rel}","templated":true}]}}