{"id":52491,"date":"2022-11-07T08:21:47","date_gmt":"2022-11-07T14:21:47","guid":{"rendered":"http:\/\/bambapolitica.com.mx\/?p=52491"},"modified":"2022-11-07T08:21:50","modified_gmt":"2022-11-07T14:21:50","slug":"presunto-implicado-en-muerte-de-ariadna-fernanda-se-entrega-a-las-autoridades-afirma-ser-inocente","status":"publish","type":"post","link":"https:\/\/bambapolitica.com.mx\/index.php\/2022\/11\/07\/presunto-implicado-en-muerte-de-ariadna-fernanda-se-entrega-a-las-autoridades-afirma-ser-inocente\/","title":{"rendered":"Presunto implicado en muerte de Ariadna Fernanda se entrega a las autoridades; afirma ser inocente"},"content":{"rendered":"\n<p>lunes, 7 de noviembre de 2022<\/p>\n\n\n\n<p>Rautel N., se\u00f1alado por la Fiscal\u00eda capitalina en el asesinato de la joven Ariadna Fernanda se entreg\u00f3 ante las autoridades en Monterrey<br>Rautel N., hombre se\u00f1alado como presunto implicado en el asesinato de Ariadna Fernanda en la Ciudad de M\u00e9xico, se entreg\u00f3 a las autoridades.<\/p>\n\n\n\n<p>La Fiscal\u00eda General de Justicia (FGJ) capitalina lo se\u00f1ala de salir de su departamento con el cuerpo de la joven de 27 a\u00f1os y depositarlo en una camioneta.<br>El sospechoso se present\u00f3 de manera voluntaria en la Fiscal\u00eda Especializada en Feminicidios y Delitos Cometidos contra las Mujeres en Nuevo Le\u00f3n.<\/p>\n\n\n\n<p>Me acabo de enterar que tengo una orden de aprehensi\u00f3n en mi contra, girada por un juez de la Ciudad de M\u00e9xico, soy inocente de lo que se me imputa, no la mat\u00e9, es por ello que vengo a afrontar la justicia\u201d, dijo.<\/p>\n\n\n\n<p>Los abogados de Rautel N. reiteraron la inocencia del hombre, misma que afirmaron, se va a probar en el juicio.<\/p>\n\n\n\n<p>Se est\u00e1 presentando de manera voluntaria y la verdad se revelar\u00e1 en la secuela del proceso, pedimos solo se respete su debido proceso\u201d, mencion\u00f3 uno de los abogados.<\/p>\n\n\n\n<p>Caso Ariadna Fernanda<br>La joven Ariadna Fernanda fue reportada como desaparecida el 30 de octubre en la Ciudad de M\u00e9xico, despu\u00e9s de asistir a un evento en un restaurante y posteriormente ir con una amiga al departamento del novio de esta \u00faltima.<\/p>\n\n\n\n<p>Dos d\u00edas despu\u00e9s su cuerpo fue encontrado sobre la M\u00e9xico-Cuernavaca, a la altura de La Pera-Cuautla, si bien su familia identific\u00f3 que se trataba de ella hasta el 2 de noviembre.<br>Seg\u00fan una necropsia realizada por la Fiscal\u00eda de Morelos la joven muri\u00f3 a consecuencia de una intoxicaci\u00f3n alcoh\u00f3lica y subsecuente broncoaspiraci\u00f3n, descartando en un primer momento que se tratara de un homicidio doloso.<\/p>\n\n\n\n<p>Sin embargo, una segunda necropsia de la Fiscal\u00eda de la Ciudad de M\u00e9xico determin\u00f3 como causa de muerte un trauma m\u00faltiple.<\/p>\n\n\n\n<p>El cuerpo de la joven presentaba diversas lesiones por golpes, por lo que se determin\u00f3 que el motivo del fallecimiento fue un trauma m\u00faltiple que se califica de mortal\u201d, dijo la fiscal capitalina Ernestina Godoy.<\/p>\n\n\n\n<p>La FGJ capitalina identific\u00f3 como Vanessa N. a la amiga con la que Ariadna Fernanda se fue tras la reuni\u00f3n en el restaurante y a Rautel N. como el novio de ella.<\/p>\n\n\n\n<p>Derivado de una orden de cateo cumplimentada en el departamento donde los tres estuvieron se encontraron rastros de sangre en el piso de la sala, un coj\u00edn y la rec\u00e1mara principal, pese a que el sitio hab\u00eda sido limpiado.<br>Asimismo, c\u00e1maras de seguridad en el edificio en cuesti\u00f3n revelaron el momento en que un hombre sale del departamento cargando a una mujer, aparentemente inconsciente e inm\u00f3vil, en uno de sus hombros.<\/p>\n\n\n\n<p>El individuo se dirigi\u00f3 al estacionamiento y deposit\u00f3 a la mujer, supuestamente Ariadna Fernanda, dentro de una camioneta. Las autoridades identificaron al hombre como Rautel N., novio de Vanessa N.<\/p>\n\n\n\n<p>Un juez gir\u00f3 \u00f3rdenes de aprehensi\u00f3n contra ambos implicados por el delito de feminicidio.<\/p>\n\n\n\n<p>Vanessa N. fue detenida en el municipio mexiquense de Ecatepec, se\u00f1alada como coautora material de la muerte de Ariadna Fernanda, e ingresada al penal de Santa Martha Acatitla.<\/p>\n\n\n\n<p>Para la detenci\u00f3n de Rautel N. se solicit\u00f3 la alerta migratoria y ficha roja de Interpol, si bien se entreg\u00f3 de manera voluntaria en Monterrey.<\/p>\n","protected":false},"excerpt":{"rendered":"<p>lunes, 7 de noviembre de 2022 Rautel N., se\u00f1alado por la Fiscal\u00eda capitalina en el&#8230;<\/p>\n","protected":false},"author":3,"featured_media":52492,"comment_status":"closed","ping_status":"closed","sticky":false,"template":"","format":"standard","meta":{"footnotes":""},"categories":[2],"tags":[],"class_list":["post-52491","post","type-post","status-publish","format-standard","has-post-thumbnail","hentry","category-policiaca"],"_links":{"self":[{"href":"https:\/\/bambapolitica.com.mx\/index.php\/wp-json\/wp\/v2\/posts\/52491","targetHints":{"allow":["GET"]}}],"collection":[{"href":"https:\/\/bambapolitica.com.mx\/index.php\/wp-json\/wp\/v2\/posts"}],"about":[{"href":"https:\/\/bambapolitica.com.mx\/index.php\/wp-json\/wp\/v2\/types\/post"}],"author":[{"embeddable":true,"href":"https:\/\/bambapolitica.com.mx\/index.php\/wp-json\/wp\/v2\/users\/3"}],"replies":[{"embeddable":true,"href":"https:\/\/bambapolitica.com.mx\/index.php\/wp-json\/wp\/v2\/comments?post=52491"}],"version-history":[{"count":1,"href":"https:\/\/bambapolitica.com.mx\/index.php\/wp-json\/wp\/v2\/posts\/52491\/revisions"}],"predecessor-version":[{"id":52493,"href":"https:\/\/bambapolitica.com.mx\/index.php\/wp-json\/wp\/v2\/posts\/52491\/revisions\/52493"}],"wp:featuredmedia":[{"embeddable":true,"href":"https:\/\/bambapolitica.com.mx\/index.php\/wp-json\/wp\/v2\/media\/52492"}],"wp:attachment":[{"href":"https:\/\/bambapolitica.com.mx\/index.php\/wp-json\/wp\/v2\/media?parent=52491"}],"wp:term":[{"taxonomy":"category","embeddable":true,"href":"https:\/\/bambapolitica.com.mx\/index.php\/wp-json\/wp\/v2\/categories?post=52491"},{"taxonomy":"post_tag","embeddable":true,"href":"https:\/\/bambapolitica.com.mx\/index.php\/wp-json\/wp\/v2\/tags?post=52491"}],"curies":[{"name":"wp","href":"https:\/\/api.w.org\/{rel}","templated":true}]}}