{"id":52494,"date":"2022-11-07T08:24:19","date_gmt":"2022-11-07T14:24:19","guid":{"rendered":"http:\/\/bambapolitica.com.mx\/?p=52494"},"modified":"2022-11-07T08:24:21","modified_gmt":"2022-11-07T14:24:21","slug":"detienen-a-sujeto-que-presuntamente-agredio-a-menor-en-jiutepec-morelos","status":"publish","type":"post","link":"https:\/\/bambapolitica.com.mx\/index.php\/2022\/11\/07\/detienen-a-sujeto-que-presuntamente-agredio-a-menor-en-jiutepec-morelos\/","title":{"rendered":"Detienen a sujeto que presuntamente agredi\u00f3 a menor en Jiutepec, Morelos"},"content":{"rendered":"\n<p>lunes, 7 de noviembre de 2022<\/p>\n\n\n\n<p>Fue detenido Fredi \u2018N\u2019, sujeto que presuntamente agredi\u00f3 a una menor de edad en el municipio de Jiutepec, en el estado de Morelos<br>Este domingo fue detenido Fredi \u2018N\u2019, identificado como el presunto agresor de una menor de edad en el municipio de Jiutepec, estado de Morelos.<\/p>\n\n\n\n<p>La Secretar\u00eda de Protecci\u00f3n y Auxilio Ciudadano de Cuernavaca inform\u00f3 por medio de un comunicado que el sujeto, de 30 a\u00f1os, se encuentra con la Agencia de Investigaci\u00f3n Criminal (AIC) de la Fiscal\u00eda estatal.<br>En redes sociales se difundi\u00f3 un video que muestra el momento en que un sujeto patea y golpea a una menor de edad ante la presencia de una mujer.<br>Por medio de redes sociales, al sujeto se le identific\u00f3 como guardia en un establecimiento y se difundieron supuestas fotograf\u00edas del sujeto.<\/p>\n","protected":false},"excerpt":{"rendered":"<p>lunes, 7 de noviembre de 2022 Fue detenido Fredi \u2018N\u2019, sujeto que presuntamente agredi\u00f3 a&#8230;<\/p>\n","protected":false},"author":3,"featured_media":52495,"comment_status":"closed","ping_status":"closed","sticky":false,"template":"","format":"standard","meta":{"footnotes":""},"categories":[2],"tags":[],"class_list":["post-52494","post","type-post","status-publish","format-standard","has-post-thumbnail","hentry","category-policiaca"],"_links":{"self":[{"href":"https:\/\/bambapolitica.com.mx\/index.php\/wp-json\/wp\/v2\/posts\/52494","targetHints":{"allow":["GET"]}}],"collection":[{"href":"https:\/\/bambapolitica.com.mx\/index.php\/wp-json\/wp\/v2\/posts"}],"about":[{"href":"https:\/\/bambapolitica.com.mx\/index.php\/wp-json\/wp\/v2\/types\/post"}],"author":[{"embeddable":true,"href":"https:\/\/bambapolitica.com.mx\/index.php\/wp-json\/wp\/v2\/users\/3"}],"replies":[{"embeddable":true,"href":"https:\/\/bambapolitica.com.mx\/index.php\/wp-json\/wp\/v2\/comments?post=52494"}],"version-history":[{"count":1,"href":"https:\/\/bambapolitica.com.mx\/index.php\/wp-json\/wp\/v2\/posts\/52494\/revisions"}],"predecessor-version":[{"id":52496,"href":"https:\/\/bambapolitica.com.mx\/index.php\/wp-json\/wp\/v2\/posts\/52494\/revisions\/52496"}],"wp:featuredmedia":[{"embeddable":true,"href":"https:\/\/bambapolitica.com.mx\/index.php\/wp-json\/wp\/v2\/media\/52495"}],"wp:attachment":[{"href":"https:\/\/bambapolitica.com.mx\/index.php\/wp-json\/wp\/v2\/media?parent=52494"}],"wp:term":[{"taxonomy":"category","embeddable":true,"href":"https:\/\/bambapolitica.com.mx\/index.php\/wp-json\/wp\/v2\/categories?post=52494"},{"taxonomy":"post_tag","embeddable":true,"href":"https:\/\/bambapolitica.com.mx\/index.php\/wp-json\/wp\/v2\/tags?post=52494"}],"curies":[{"name":"wp","href":"https:\/\/api.w.org\/{rel}","templated":true}]}}