{"id":52503,"date":"2022-11-07T08:40:13","date_gmt":"2022-11-07T14:40:13","guid":{"rendered":"http:\/\/bambapolitica.com.mx\/?p=52503"},"modified":"2022-11-07T08:40:17","modified_gmt":"2022-11-07T14:40:17","slug":"hombre-senalado-de-matar-a-su-amigo-en-edomex-escondio-el-cuerpo-en-puebla","status":"publish","type":"post","link":"https:\/\/bambapolitica.com.mx\/index.php\/2022\/11\/07\/hombre-senalado-de-matar-a-su-amigo-en-edomex-escondio-el-cuerpo-en-puebla\/","title":{"rendered":"Hombre se\u00f1alado de matar a su amigo en Edomex escondi\u00f3 el cuerpo en Puebla"},"content":{"rendered":"\n<p>lunes, 7 de noviembre de 2022<\/p>\n\n\n\n<p>Al parecer David \u201cN\u201d habr\u00eda golpeado con un objeto contuso a la v\u00edctima, ocasion\u00e1ndole la muerte.<\/p>\n\n\n\n<p>David \u201cN\u201d fue vinculado a proceso por el delito homicidio calificado, luego de que presuntamente asesinara a su amigo en el Estado de M\u00e9xico y luego traslad\u00f3 el cuerpo al estado de Puebla. La Fiscal\u00eda General de Justicia del Estado de M\u00e9xico (FGJEM) acredit\u00f3 su probable participaci\u00f3n en hechos ocurridos en febrero de este a\u00f1o en el municipio de Valle de Chalco, al oriente de la entidad. De acuerdo con las indagatorias, el 12 de febrero la v\u00edctima acudi\u00f3 a un inmueble ubicado en la colonia Independencia, para encontrarse con el investigado, a quien conoci\u00f3 mediante una red social y desde noviembre de 2021 frecuentaba. Al parecer, despu\u00e9s de varias horas de convivir iniciaron una discusi\u00f3n en el inmueble y el d\u00eda 13 de febrero, David \u201cN\u201d habr\u00eda golpeado con un objeto contuso a la v\u00edctima, ocasion\u00e1ndole la muerte. Luego envolvi\u00f3 el cuerpo en ropa de cama y una bolsa, para posteriormente colocarlo en un aparato de carga, denominado \u201cdiablito\u201d donde lo mantuvo un par de d\u00edas. Al parecer, el 15 de febrero, el ahora imputado contrat\u00f3 un servicio de mudanza de su domicilio para un inmueble en el municipio de San Salvador El Verde, en el estado de Puebla. David traslad\u00f3 diversos muebles y pertenencias, as\u00ed como el cuerpo de la v\u00edctima para evitar que fuera descubierto. Sin embargo, el 18 de febrero mediante cateo efectuado por personal de la Fiscal\u00eda Especializada en Investigaci\u00f3n de los Delitos de Desaparici\u00f3n Forzada de Personas y Desaparici\u00f3n Cometida por Particulares de la Fiscal\u00eda General del Estado de Puebla, en el inmueble se encontr\u00f3 el cuerpo. Derivado del homicidio, la Fiscal\u00eda General de Justicia estatal integr\u00f3 la indagatoria respectiva por los hechos y con el avance en las diligencias, el agente del Ministerio P\u00fablico solicit\u00f3 a un Juez, librar orden de aprehensi\u00f3n en contra del probable homicida; mandamiento judicial que fue otorgado. Cabe se\u00f1alar que el se\u00f1alado fue detenido e ingresado al penal de Chalco, por su probable participaci\u00f3n en el delito de extorsi\u00f3n; actualmente se encuentra en etapa de juicio. Por ello, la orden de aprehensi\u00f3n girada en su contra por homicidio, le fue cumplimentada por reclusi\u00f3n. Luego de la presentaci\u00f3n de pruebas el juez determin\u00f3 vincularlo a proceso, con plazo de un mes y 15 d\u00edas para el cierre de investigaci\u00f3n complementaria y medida cautelar de prisi\u00f3n preventiva.<\/p>\n","protected":false},"excerpt":{"rendered":"<p>lunes, 7 de noviembre de 2022 Al parecer David \u201cN\u201d habr\u00eda golpeado con un objeto&#8230;<\/p>\n","protected":false},"author":3,"featured_media":52504,"comment_status":"closed","ping_status":"closed","sticky":false,"template":"","format":"standard","meta":{"footnotes":""},"categories":[2],"tags":[],"class_list":["post-52503","post","type-post","status-publish","format-standard","has-post-thumbnail","hentry","category-policiaca"],"_links":{"self":[{"href":"https:\/\/bambapolitica.com.mx\/index.php\/wp-json\/wp\/v2\/posts\/52503","targetHints":{"allow":["GET"]}}],"collection":[{"href":"https:\/\/bambapolitica.com.mx\/index.php\/wp-json\/wp\/v2\/posts"}],"about":[{"href":"https:\/\/bambapolitica.com.mx\/index.php\/wp-json\/wp\/v2\/types\/post"}],"author":[{"embeddable":true,"href":"https:\/\/bambapolitica.com.mx\/index.php\/wp-json\/wp\/v2\/users\/3"}],"replies":[{"embeddable":true,"href":"https:\/\/bambapolitica.com.mx\/index.php\/wp-json\/wp\/v2\/comments?post=52503"}],"version-history":[{"count":1,"href":"https:\/\/bambapolitica.com.mx\/index.php\/wp-json\/wp\/v2\/posts\/52503\/revisions"}],"predecessor-version":[{"id":52505,"href":"https:\/\/bambapolitica.com.mx\/index.php\/wp-json\/wp\/v2\/posts\/52503\/revisions\/52505"}],"wp:featuredmedia":[{"embeddable":true,"href":"https:\/\/bambapolitica.com.mx\/index.php\/wp-json\/wp\/v2\/media\/52504"}],"wp:attachment":[{"href":"https:\/\/bambapolitica.com.mx\/index.php\/wp-json\/wp\/v2\/media?parent=52503"}],"wp:term":[{"taxonomy":"category","embeddable":true,"href":"https:\/\/bambapolitica.com.mx\/index.php\/wp-json\/wp\/v2\/categories?post=52503"},{"taxonomy":"post_tag","embeddable":true,"href":"https:\/\/bambapolitica.com.mx\/index.php\/wp-json\/wp\/v2\/tags?post=52503"}],"curies":[{"name":"wp","href":"https:\/\/api.w.org\/{rel}","templated":true}]}}