{"id":52517,"date":"2022-11-07T09:18:42","date_gmt":"2022-11-07T15:18:42","guid":{"rendered":"http:\/\/bambapolitica.com.mx\/?p=52517"},"modified":"2022-11-07T09:18:45","modified_gmt":"2022-11-07T15:18:45","slug":"avion-se-desploma-en-tanzania-y-se-registran-al-menos-19-muertos","status":"publish","type":"post","link":"https:\/\/bambapolitica.com.mx\/index.php\/2022\/11\/07\/avion-se-desploma-en-tanzania-y-se-registran-al-menos-19-muertos\/","title":{"rendered":"Avi\u00f3n se desploma en Tanzania y se registran al menos 19 muertos"},"content":{"rendered":"\n<p>lunes, 7 de noviembre de 2022<\/p>\n\n\n\n<p>El aci\u00f3n llevaba 43 personas a bordo.<br>Al menos 19 personas murieron el 6 de octubre al caer un avi\u00f3n de l\u00ednea en el lago Victoria, en Tanzania, inform\u00f3 el primer ministro Kasim Majaliwa.<\/p>\n\n\n\n<p>&#8220;Todos los tanzanos est\u00e1n con vosotros en el luto por las 19 personas que han perdido la vida en este accidente&#8221;, dijo Majaliwa a una multitud tras llegar al aeropuerto de Bukoba, donde ten\u00eda previsto aterrizar el vuelo procedente de Dar es Salaam.<br>El avi\u00f3n accidentado es un biturboh\u00e9lice ATR 42-500, de la compa\u00f1\u00eda privada local Precision Air, y llevaba 43 personas a bordo.<\/p>\n\n\n\n<p>El avi\u00f3n cay\u00f3 al agua a unos 100 metros del aeropuerto, inform\u00f3 a la prensa el responsable regional de la polic\u00eda William Mwampaghale, en el aeropuerto de Bukoba.<\/p>\n\n\n\n<p>El comisario regional Albert Chalamila precis\u00f3 que 43 personas, entre ellas 39 pasajeros, dos pilotos y dos miembros de la tripulaci\u00f3n, estaban a bordo del vuelo que sali\u00f3 de Dar es Salaam, la capital econ\u00f3mica del pa\u00eds, hasta Bukoba, situada al borde del lago, y donde se halla la fuente del Nilo.<\/p>\n\n\n\n<p>Videos divulgados en los medios locales mostraban al avi\u00f3n parcialmente sumergido, mientras los rescatistas en el agua intentan salvar a los supervivientes. Tambi\u00e9n se ve\u00eda c\u00f3mo intentan, con cables y gr\u00faas, levantar el avi\u00f3n y sacarlo fuera del agua.<\/p>\n\n\n\n<p>El modelo de avi\u00f3n ATR 42 es fabricado por la sociedad franco-italiana ATR y es ensamblado en Toulouse, en el sur de Francia.<\/p>\n\n\n\n<p>Mandan condolencias<br>La presidenta Samia Suluhu Hassan expres\u00f3 sus condolencias a las personas afectadas por el accidente.<\/p>\n\n\n\n<p>El presidente de la Comisi\u00f3n de la Uni\u00f3n Africana, Moussa Faki Mahamat, tambi\u00e9n expres\u00f3 sus condolencias, igual que el secretario general del bloque regional de la Comunidad del Este de \u00c1frica, Peter Mathuki.<\/p>\n\n\n\n<p>&#8220;Somos solidarios con el gobierno y el pueblo de Tanzania&#8221; declar\u00f3 Mathuki en Twitter.<br>Precision Air, la mayor compa\u00f1\u00eda a\u00e9rea privada de Tanzania, difundi\u00f3 un breve comunicado confirmando el accidente.<\/p>\n","protected":false},"excerpt":{"rendered":"<p>lunes, 7 de noviembre de 2022 El aci\u00f3n llevaba 43 personas a bordo.Al menos 19&#8230;<\/p>\n","protected":false},"author":3,"featured_media":52518,"comment_status":"closed","ping_status":"closed","sticky":false,"template":"","format":"standard","meta":{"footnotes":""},"categories":[5],"tags":[],"class_list":["post-52517","post","type-post","status-publish","format-standard","has-post-thumbnail","hentry","category-internacional"],"_links":{"self":[{"href":"https:\/\/bambapolitica.com.mx\/index.php\/wp-json\/wp\/v2\/posts\/52517","targetHints":{"allow":["GET"]}}],"collection":[{"href":"https:\/\/bambapolitica.com.mx\/index.php\/wp-json\/wp\/v2\/posts"}],"about":[{"href":"https:\/\/bambapolitica.com.mx\/index.php\/wp-json\/wp\/v2\/types\/post"}],"author":[{"embeddable":true,"href":"https:\/\/bambapolitica.com.mx\/index.php\/wp-json\/wp\/v2\/users\/3"}],"replies":[{"embeddable":true,"href":"https:\/\/bambapolitica.com.mx\/index.php\/wp-json\/wp\/v2\/comments?post=52517"}],"version-history":[{"count":1,"href":"https:\/\/bambapolitica.com.mx\/index.php\/wp-json\/wp\/v2\/posts\/52517\/revisions"}],"predecessor-version":[{"id":52519,"href":"https:\/\/bambapolitica.com.mx\/index.php\/wp-json\/wp\/v2\/posts\/52517\/revisions\/52519"}],"wp:featuredmedia":[{"embeddable":true,"href":"https:\/\/bambapolitica.com.mx\/index.php\/wp-json\/wp\/v2\/media\/52518"}],"wp:attachment":[{"href":"https:\/\/bambapolitica.com.mx\/index.php\/wp-json\/wp\/v2\/media?parent=52517"}],"wp:term":[{"taxonomy":"category","embeddable":true,"href":"https:\/\/bambapolitica.com.mx\/index.php\/wp-json\/wp\/v2\/categories?post=52517"},{"taxonomy":"post_tag","embeddable":true,"href":"https:\/\/bambapolitica.com.mx\/index.php\/wp-json\/wp\/v2\/tags?post=52517"}],"curies":[{"name":"wp","href":"https:\/\/api.w.org\/{rel}","templated":true}]}}