{"id":52524,"date":"2022-11-07T09:40:36","date_gmt":"2022-11-07T15:40:36","guid":{"rendered":"http:\/\/bambapolitica.com.mx\/?p=52524"},"modified":"2022-11-07T09:40:39","modified_gmt":"2022-11-07T15:40:39","slug":"raul-jimenez-se-incorpora-a-entrenamientos-de-mexico-rumbo-a-qatar","status":"publish","type":"post","link":"https:\/\/bambapolitica.com.mx\/index.php\/2022\/11\/07\/raul-jimenez-se-incorpora-a-entrenamientos-de-mexico-rumbo-a-qatar\/","title":{"rendered":"Ra\u00fal Jim\u00e9nez se incorpora a entrenamientos de M\u00e9xico rumbo a Qatar"},"content":{"rendered":"\n<p>lunes, 7 de noviembre de 2022<\/p>\n\n\n\n<p>La Selecci\u00f3n Mexicana de futbol afronta su segunda semana de entrenamientos rumbo a Qatar con la incorporaci\u00f3n de Ra\u00fal Jim\u00e9nez<\/p>\n\n\n\n<p><br>La selecci\u00f3n mexicana inici\u00f3 la segunda semana de entrenamientos en la ciudad deportiva del Girona con la novedad del delantero Ra\u00fal Jim\u00e9nez, que se incorpor\u00f3 a la concentraci\u00f3n preparatoria para el Mundial de Qatar 2022, si bien sigue siendo duda por una pubalgia.<\/p>\n\n\n\n<p>El atacante del Wolverhampton no participar\u00e1 en el amistoso de este mi\u00e9rcoles contra Irak en el Estadi de Montilivi, feudo del equipo catal\u00e1n.<br>Se sabr\u00e1 si viaja a Qatar como muy tarde el d\u00eda 14 de noviembre, cuando termina el plazo para que las selecciones entreguen sus convocatorias de 26 futbolistas para competir en la Copa del Mundo.<\/p>\n\n\n\n<p>El d\u00eda 16 la selecci\u00f3n de Gerardo Martino se enfrentar\u00e1 a Suecia, tambi\u00e9n en Montilivi, y el 17 ya partir\u00e1 hacia Qatar, para debutar en la fase de grupos del Mundial con Polonia el martes 22 de noviembre.<\/p>\n\n\n\n<p>Con la llegada de Jim\u00e9nez ya est\u00e1n en Girona 20 de los 31 futbolistas incluidos en la primera convocatoria de Martino para el Mundial. Los jugadores mexicanos de clubes europeos, como Hirving Lozano (N\u00e1poles) o Edson \u00c1lvarez (Ajax), se ir\u00e1n incorporado a la concentraci\u00f3n a medida que sus respectivos clubes acaben la competici\u00f3n.<\/p>\n","protected":false},"excerpt":{"rendered":"<p>lunes, 7 de noviembre de 2022 La Selecci\u00f3n Mexicana de futbol afronta su segunda semana&#8230;<\/p>\n","protected":false},"author":3,"featured_media":52525,"comment_status":"closed","ping_status":"closed","sticky":false,"template":"","format":"standard","meta":{"footnotes":""},"categories":[16],"tags":[],"class_list":["post-52524","post","type-post","status-publish","format-standard","has-post-thumbnail","hentry","category-deportes"],"_links":{"self":[{"href":"https:\/\/bambapolitica.com.mx\/index.php\/wp-json\/wp\/v2\/posts\/52524","targetHints":{"allow":["GET"]}}],"collection":[{"href":"https:\/\/bambapolitica.com.mx\/index.php\/wp-json\/wp\/v2\/posts"}],"about":[{"href":"https:\/\/bambapolitica.com.mx\/index.php\/wp-json\/wp\/v2\/types\/post"}],"author":[{"embeddable":true,"href":"https:\/\/bambapolitica.com.mx\/index.php\/wp-json\/wp\/v2\/users\/3"}],"replies":[{"embeddable":true,"href":"https:\/\/bambapolitica.com.mx\/index.php\/wp-json\/wp\/v2\/comments?post=52524"}],"version-history":[{"count":1,"href":"https:\/\/bambapolitica.com.mx\/index.php\/wp-json\/wp\/v2\/posts\/52524\/revisions"}],"predecessor-version":[{"id":52526,"href":"https:\/\/bambapolitica.com.mx\/index.php\/wp-json\/wp\/v2\/posts\/52524\/revisions\/52526"}],"wp:featuredmedia":[{"embeddable":true,"href":"https:\/\/bambapolitica.com.mx\/index.php\/wp-json\/wp\/v2\/media\/52525"}],"wp:attachment":[{"href":"https:\/\/bambapolitica.com.mx\/index.php\/wp-json\/wp\/v2\/media?parent=52524"}],"wp:term":[{"taxonomy":"category","embeddable":true,"href":"https:\/\/bambapolitica.com.mx\/index.php\/wp-json\/wp\/v2\/categories?post=52524"},{"taxonomy":"post_tag","embeddable":true,"href":"https:\/\/bambapolitica.com.mx\/index.php\/wp-json\/wp\/v2\/tags?post=52524"}],"curies":[{"name":"wp","href":"https:\/\/api.w.org\/{rel}","templated":true}]}}