{"id":52666,"date":"2022-11-10T07:32:42","date_gmt":"2022-11-10T13:32:42","guid":{"rendered":"http:\/\/bambapolitica.com.mx\/?p=52666"},"modified":"2022-11-10T07:32:46","modified_gmt":"2022-11-10T13:32:46","slug":"exhibe-sspc-a-jueza-que-freno-traslado-de-guardia-nacional-a-sedena","status":"publish","type":"post","link":"https:\/\/bambapolitica.com.mx\/index.php\/2022\/11\/10\/exhibe-sspc-a-jueza-que-freno-traslado-de-guardia-nacional-a-sedena\/","title":{"rendered":"Exhibe SSPC a jueza que fren\u00f3 traslado de Guardia Nacional a Sedena"},"content":{"rendered":"\n<p>jueves, 10 de noviembre de 2022<\/p>\n\n\n\n<p>Ricardo Mej\u00eda, subsecretario de Seguridad, arremeti\u00f3 contra una jueza de Guanajuato que fren\u00f3 el traslado de la Guardia Nacional a la Sedena<\/p>\n\n\n\n<p>Ricardo Mej\u00eda, subsecretario de Seguridad, arremeti\u00f3 contra una jueza de Guanajuato que fren\u00f3 el traslado de la Guardia Nacional a la Sedena<\/p>\n\n\n\n<p><br>El Gobierno de M\u00e9xico arremeti\u00f3 contra la jueza Karla Mar\u00eda Mac\u00edas Lovera, quien pertenece al Juzgado Noveno de Distrito del Estado de Guanajuato, por poner freno al traslado de la Guardia Nacional a la Secretar\u00eda de la Defensa Nacional (Sedena).<\/p>\n\n\n\n<p>Lo anterior fue detallado por el subsecretario de Seguridad y Protecci\u00f3n Ciudadana (SSPC), Ricardo Mej\u00eda Berdeja, en la conferencia matutina de Palacio Nacional, quien apunt\u00f3 que la juez \u201cexcede sus facultades\u201d.<\/p>\n\n\n\n<p>\u201cEst\u00e1 el caso de la juez Karla Mar\u00eda Mac\u00edas Lovera del Juzgado Noveno de Distrito del Estado de Guanajuato, con sede en Irapuato, quien en un primer momento hab\u00eda suspendido provisionalmente el decreto que transfiere el control operativo y administrativo de la Guardia Nacional a la Secretar\u00eda de la Defensa Nacional, que fue una reforma del Poder Legislativo\u201c, dijo.<\/p>\n\n\n\n<p>\u201cEsta juez se excede en sus facultades porque plantear la contradicci\u00f3n entre una ley de car\u00e1cter general y la Constituci\u00f3n pol\u00edtica en t\u00e9rminos del art\u00edculo 105 de la Constituci\u00f3n s\u00f3lo le corresponde a la Suprema Corte de Justicia. Y esta juez, en un primer momento decret\u00f3 la suspensi\u00f3n de un decreto mandado del poder legislativo, pues bien, esta resoluci\u00f3n fue impugnada ante un tribunal colegiado y qued\u00f3 sin efecto la suspensi\u00f3n provisional\u201d, agreg\u00f3.<\/p>\n\n\n\n<p>Pese a lo anterior, Mej\u00eda Berdeja apunt\u00f3 que fue revocada esta suspensi\u00f3n pero la jueza Mac\u00edas Lovera dict\u00f3 una nueva resoluci\u00f3n que suspende definitivamente la transferencia de la Guardia Nacional a la Sedena.<\/p>\n\n\n\n<p>\u201cEsta resoluci\u00f3n, a todas luces inconstitucional, ya fue recurrida nuevamente por el Ejecutivo federal porque se excede la juez y est\u00e1 generando efectos suspensivos sobre un decreto del Congreso de la Uni\u00f3n\u201d, expuso.<\/p>\n\n\n\n<p>\u201cSi lo queremos hacer del dominio p\u00fablico porque este tipo de resoluciones afectan la seguridad p\u00fablica y adem\u00e1s esta jueza se est\u00e1 excediendo en sus facultades, tenemos confianza en que el tribunal colegiado revoque esta nueva suspensi\u00f3n decretada por esta jueves, pero si se considera que son parte de las acciones que generan impunidad en el pa\u00eds\u201d, lanz\u00f3.<\/p>\n","protected":false},"excerpt":{"rendered":"<p>jueves, 10 de noviembre de 2022 Ricardo Mej\u00eda, subsecretario de Seguridad, arremeti\u00f3 contra una jueza&#8230;<\/p>\n","protected":false},"author":3,"featured_media":52667,"comment_status":"closed","ping_status":"closed","sticky":false,"template":"","format":"standard","meta":{"footnotes":""},"categories":[4],"tags":[],"class_list":["post-52666","post","type-post","status-publish","format-standard","has-post-thumbnail","hentry","category-noticias-del-dia"],"_links":{"self":[{"href":"https:\/\/bambapolitica.com.mx\/index.php\/wp-json\/wp\/v2\/posts\/52666","targetHints":{"allow":["GET"]}}],"collection":[{"href":"https:\/\/bambapolitica.com.mx\/index.php\/wp-json\/wp\/v2\/posts"}],"about":[{"href":"https:\/\/bambapolitica.com.mx\/index.php\/wp-json\/wp\/v2\/types\/post"}],"author":[{"embeddable":true,"href":"https:\/\/bambapolitica.com.mx\/index.php\/wp-json\/wp\/v2\/users\/3"}],"replies":[{"embeddable":true,"href":"https:\/\/bambapolitica.com.mx\/index.php\/wp-json\/wp\/v2\/comments?post=52666"}],"version-history":[{"count":1,"href":"https:\/\/bambapolitica.com.mx\/index.php\/wp-json\/wp\/v2\/posts\/52666\/revisions"}],"predecessor-version":[{"id":52668,"href":"https:\/\/bambapolitica.com.mx\/index.php\/wp-json\/wp\/v2\/posts\/52666\/revisions\/52668"}],"wp:featuredmedia":[{"embeddable":true,"href":"https:\/\/bambapolitica.com.mx\/index.php\/wp-json\/wp\/v2\/media\/52667"}],"wp:attachment":[{"href":"https:\/\/bambapolitica.com.mx\/index.php\/wp-json\/wp\/v2\/media?parent=52666"}],"wp:term":[{"taxonomy":"category","embeddable":true,"href":"https:\/\/bambapolitica.com.mx\/index.php\/wp-json\/wp\/v2\/categories?post=52666"},{"taxonomy":"post_tag","embeddable":true,"href":"https:\/\/bambapolitica.com.mx\/index.php\/wp-json\/wp\/v2\/tags?post=52666"}],"curies":[{"name":"wp","href":"https:\/\/api.w.org\/{rel}","templated":true}]}}