{"id":52669,"date":"2022-11-10T07:38:22","date_gmt":"2022-11-10T13:38:22","guid":{"rendered":"http:\/\/bambapolitica.com.mx\/?p=52669"},"modified":"2022-11-10T07:38:25","modified_gmt":"2022-11-10T13:38:25","slug":"presupuesto-2023-se-aprobara-el-viernes-o-sabado-preve-santiago-creel","status":"publish","type":"post","link":"https:\/\/bambapolitica.com.mx\/index.php\/2022\/11\/10\/presupuesto-2023-se-aprobara-el-viernes-o-sabado-preve-santiago-creel\/","title":{"rendered":"Presupuesto 2023 se aprobar\u00e1 el viernes o s\u00e1bado, prev\u00e9 Santiago Creel"},"content":{"rendered":"\n<p>jueves, 10 de noviembre de 2022<\/p>\n\n\n\n<p>Creel tambi\u00e9n adelant\u00f3 que este jueves buscar\u00e1 acelerar el proceso de aprobaci\u00f3n del Presupuesto coordinando con los diferentes grupos parlamentarios<\/p>\n\n\n\n<p><br>Santiago Creel, presidente de la Mesa Directiva de la C\u00e1mara de Diputados, dio a conocer que aunque en la sesi\u00f3n de este mi\u00e9rcoles se desahogaron 266 reservas sobre el Presupuesto 2023, todav\u00eda ser\u00e1n presentadas mil 998.<\/p>\n\n\n\n<p><br>Indic\u00f3 que en total se presentar\u00edan 2 mil 264 por los diversos grupos parlamentarios, en una discusi\u00f3n que se retomar\u00e1 este jueves a las 10:00 h.<\/p>\n\n\n\n<p>Despu\u00e9s de nueve horas de discusi\u00f3n, en su modalidad semipresencial, se decret\u00f3 un receso para continuar este jueves 10 de noviembre, a las 10:00 h, con la discusi\u00f3n en lo particular del dictamen con Proyecto de Decreto del Presupuesto de Egresos de la Federaci\u00f3n para el Ejercicio Fiscal 2023.<br>\u201cSer\u00e1 de nuevo una sesi\u00f3n larga\u201d, advirti\u00f3 el panista.<\/p>\n\n\n\n<p>Creel tambi\u00e9n adelant\u00f3 que este jueves buscar\u00e1 acelerar el proceso de aprobaci\u00f3n del Presupuesto coordinando con los diferentes grupos parlamentarios.<br>Los \u00e1nimos est\u00e1n muy subidos, veo que hay un inter\u00e9s de tener un debate fuerte y tenso, pero tambi\u00e9n para eso es la tribuna. Lo \u00fanico que voy a estar cuidando es que ese \u00e1nimo no se desborde y se conduzca bien la sesi\u00f3n. Yo estoy seguro que poco a poco sacaremos adelante este enorme desaf\u00edo\u201c, expres\u00f3 el legislador en entrevista para los medios.<\/p>\n\n\n\n<p>Creel Miranda adelant\u00f3 que ma\u00f1ana jueves, en el curso de la sesi\u00f3n, buscar\u00e1 un encuentro con los coordinadores parlamentarios para acotar las intervenciones y previ\u00f3 que la aprobaci\u00f3n del Presupuesto se dar\u00e1 el viernes o el s\u00e1bado.<\/p>\n\n\n\n<p>Sobre los diputados que presentan reservas, dan su discurso en tribuna, y posteriormente las retiran, el presidente de la Mesa Directiva apunt\u00f3 que desde el punto de vista reglamentario es una pr\u00e1ctica permitida.<\/p>\n\n\n\n<p>La C\u00e1mara de Diputados inici\u00f3 la discusi\u00f3n en lo particular del dictamen con proyecto del Presupuesto de Egresos de la Federaci\u00f3n para el Ejercicio Fiscal 2023.<br>Para agilizar la discusi\u00f3n, que se espera tome varios d\u00edas, se acortaron los minutos que tendr\u00e1n los diputados para presentarlas.<\/p>\n\n\n\n<p>Quienes presenten una sola reserva tendr\u00e1n hasta tres minutos en tribuna; para dos a tres reservas ser\u00e1n hasta cuatro minutos; de cuatro a cinco reservas ser\u00e1n cinco minutos; y para m\u00e1s ser\u00e1n seis minutos.<\/p>\n\n\n\n<p>La tarde del martes se aprob\u00f3 en lo general el Presupuesto de Egresos de la Federaci\u00f3n para 2023, que estima un gasto neto por 8.3 billones de pesos, entre recortes a los \u00f3rganos judicial y electoral, y aumentos a los subsidios gubernamentales y mega obras del presidente Andr\u00e9s Manuel L\u00f3pez Obrador.<\/p>\n","protected":false},"excerpt":{"rendered":"<p>jueves, 10 de noviembre de 2022 Creel tambi\u00e9n adelant\u00f3 que este jueves buscar\u00e1 acelerar el&#8230;<\/p>\n","protected":false},"author":3,"featured_media":52670,"comment_status":"closed","ping_status":"closed","sticky":false,"template":"","format":"standard","meta":{"footnotes":""},"categories":[4],"tags":[],"class_list":["post-52669","post","type-post","status-publish","format-standard","has-post-thumbnail","hentry","category-noticias-del-dia"],"_links":{"self":[{"href":"https:\/\/bambapolitica.com.mx\/index.php\/wp-json\/wp\/v2\/posts\/52669","targetHints":{"allow":["GET"]}}],"collection":[{"href":"https:\/\/bambapolitica.com.mx\/index.php\/wp-json\/wp\/v2\/posts"}],"about":[{"href":"https:\/\/bambapolitica.com.mx\/index.php\/wp-json\/wp\/v2\/types\/post"}],"author":[{"embeddable":true,"href":"https:\/\/bambapolitica.com.mx\/index.php\/wp-json\/wp\/v2\/users\/3"}],"replies":[{"embeddable":true,"href":"https:\/\/bambapolitica.com.mx\/index.php\/wp-json\/wp\/v2\/comments?post=52669"}],"version-history":[{"count":1,"href":"https:\/\/bambapolitica.com.mx\/index.php\/wp-json\/wp\/v2\/posts\/52669\/revisions"}],"predecessor-version":[{"id":52671,"href":"https:\/\/bambapolitica.com.mx\/index.php\/wp-json\/wp\/v2\/posts\/52669\/revisions\/52671"}],"wp:featuredmedia":[{"embeddable":true,"href":"https:\/\/bambapolitica.com.mx\/index.php\/wp-json\/wp\/v2\/media\/52670"}],"wp:attachment":[{"href":"https:\/\/bambapolitica.com.mx\/index.php\/wp-json\/wp\/v2\/media?parent=52669"}],"wp:term":[{"taxonomy":"category","embeddable":true,"href":"https:\/\/bambapolitica.com.mx\/index.php\/wp-json\/wp\/v2\/categories?post=52669"},{"taxonomy":"post_tag","embeddable":true,"href":"https:\/\/bambapolitica.com.mx\/index.php\/wp-json\/wp\/v2\/tags?post=52669"}],"curies":[{"name":"wp","href":"https:\/\/api.w.org\/{rel}","templated":true}]}}