{"id":52678,"date":"2022-11-10T07:57:24","date_gmt":"2022-11-10T13:57:24","guid":{"rendered":"http:\/\/bambapolitica.com.mx\/?p=52678"},"modified":"2022-11-10T07:57:27","modified_gmt":"2022-11-10T13:57:27","slug":"reconoce-el-apoyo-que-ha-tenido-del-orfis-de-la-pma-de-la-ssa","status":"publish","type":"post","link":"https:\/\/bambapolitica.com.mx\/index.php\/2022\/11\/10\/reconoce-el-apoyo-que-ha-tenido-del-orfis-de-la-pma-de-la-ssa\/","title":{"rendered":"Reconoce el apoyo que ha tenido del ORFIS, de la PMA, de la SSA."},"content":{"rendered":"\n<p>jueves, 10 de noviembre de 2022<\/p>\n\n\n\n<p>As\u00ed como del l\u00edder de la JUCOPO en el Congreso, Juan Javier G\u00f3mez Cazar\u00edn.<br>No daremos ni un paso atr\u00e1s en nuestro objetivo de sacar de Veracruz al &#8220;Grupo MAS&#8221;, no aflojamos el paso\u201d, as\u00ed lo expres\u00f3 el Presidente de la Comisi\u00f3n de Agua y Saneamiento del Congreso del Estado, Fernando Arteaga Aponte, Diputado por el Distrito Veracruz, esto al ser cuestionado sobre el tema de la empresa concesionaria del servicio de agua y saneamiento en la Conurbaci\u00f3n Veracruz\u2013Medell\u00edn.<\/p>\n\n\n\n<p>\u201cEste problema que lastima a los veracruzanos no s\u00f3lo en sus bolsillos sino tambi\u00e9n en su salud tiene toda mi atenci\u00f3n y no he dejado de trabajar al respecto. Estoy dando puntual seguimiento al proceso de cancelaci\u00f3n de esa concesi\u00f3n en las distintas instancias del Gobierno del Estado, desde done se nos est\u00e1 apoyando fuertemente a trav\u00e9s del \u00d3rgano de Fiscalizaci\u00f3n (ORFIS), Procuradur\u00eda del Medio Ambiente (PMA) y la Secretar\u00eda de Salud del Estado (SSA), as\u00ed como tambi\u00e9n en el Juzgado Federal donde la empresa promovi\u00f3 amparo tratando de evadir la auditor\u00eda del ORFIS.<\/p>\n\n\n\n<p>Arteaga Aponte dio a conocer los m\u00e1s recientes avances al respecto, refiriendo que se logr\u00f3 que la PMA clausurara temporalmente la planta de tratamiento de aguas residuales que opera en la zona norte del municipio de Veracruz debido a la clandestinidad bajo la que opera y que ha solicitado a esa dependencia que proceda con todo el rigor de la ley ya que pudieran incurrir en graves delitos ambientales.<\/p>\n\n\n\n<p>Por otra parte tambi\u00e9n inform\u00f3 que el ORFIS recientemente envi\u00f3 un oficio a la Presidencia de la Comisi\u00f3n de Vigilancia del Congreso informando sobre la obstaculizaci\u00f3n que ha generado &#8220;Grupo MAS&#8221; en el proceso de fiscalizaci\u00f3n, incumpliendo en la entrega de documentaci\u00f3n que se les ha solicitado, por lo que ser\u00e1 la Legislatura Local la que decida las medidas procedentes que pueden ir desde implementaci\u00f3n de sanciones econ\u00f3micas hasta el ingreso a sus instalaciones con el uso de la fuerza p\u00fablica.<\/p>\n\n\n\n<p>En este sentido Arteaga Aponte hizo un reconocimiento al Diputado Juan Javier G\u00f3mez Cazar\u00edn quien ha respaldado todas la acciones emprendidas contra el Grupo MAS.<\/p>\n\n\n\n<p>Por lo que hace al juicio de amparo coment\u00f3 que \u00e9l espera que el juez federal que conoce del mismo act\u00fae con \u00e9tica y profesionalismo apegado a la ley y que no les conceda la protecci\u00f3n que insistentemente han solicitado.<\/p>\n\n\n\n<p>Finalmente manifest\u00f3 que a un a\u00f1o de su gesti\u00f3n los logros en esta materia son muchos aunque a\u00fan no se alcanza el objetivo, pero refrenda su compromiso con la ciudadan\u00eda de que esa empresa saldr\u00e1 de Veracruz y enf\u00e1tico dijo \u201cno les voy a fallar\u201d.<\/p>\n","protected":false},"excerpt":{"rendered":"<p>jueves, 10 de noviembre de 2022 As\u00ed como del l\u00edder de la JUCOPO en el&#8230;<\/p>\n","protected":false},"author":3,"featured_media":52679,"comment_status":"closed","ping_status":"closed","sticky":false,"template":"","format":"standard","meta":{"footnotes":""},"categories":[4],"tags":[],"class_list":["post-52678","post","type-post","status-publish","format-standard","has-post-thumbnail","hentry","category-noticias-del-dia"],"_links":{"self":[{"href":"https:\/\/bambapolitica.com.mx\/index.php\/wp-json\/wp\/v2\/posts\/52678","targetHints":{"allow":["GET"]}}],"collection":[{"href":"https:\/\/bambapolitica.com.mx\/index.php\/wp-json\/wp\/v2\/posts"}],"about":[{"href":"https:\/\/bambapolitica.com.mx\/index.php\/wp-json\/wp\/v2\/types\/post"}],"author":[{"embeddable":true,"href":"https:\/\/bambapolitica.com.mx\/index.php\/wp-json\/wp\/v2\/users\/3"}],"replies":[{"embeddable":true,"href":"https:\/\/bambapolitica.com.mx\/index.php\/wp-json\/wp\/v2\/comments?post=52678"}],"version-history":[{"count":1,"href":"https:\/\/bambapolitica.com.mx\/index.php\/wp-json\/wp\/v2\/posts\/52678\/revisions"}],"predecessor-version":[{"id":52680,"href":"https:\/\/bambapolitica.com.mx\/index.php\/wp-json\/wp\/v2\/posts\/52678\/revisions\/52680"}],"wp:featuredmedia":[{"embeddable":true,"href":"https:\/\/bambapolitica.com.mx\/index.php\/wp-json\/wp\/v2\/media\/52679"}],"wp:attachment":[{"href":"https:\/\/bambapolitica.com.mx\/index.php\/wp-json\/wp\/v2\/media?parent=52678"}],"wp:term":[{"taxonomy":"category","embeddable":true,"href":"https:\/\/bambapolitica.com.mx\/index.php\/wp-json\/wp\/v2\/categories?post=52678"},{"taxonomy":"post_tag","embeddable":true,"href":"https:\/\/bambapolitica.com.mx\/index.php\/wp-json\/wp\/v2\/tags?post=52678"}],"curies":[{"name":"wp","href":"https:\/\/api.w.org\/{rel}","templated":true}]}}