{"id":52681,"date":"2022-11-10T08:01:10","date_gmt":"2022-11-10T14:01:10","guid":{"rendered":"http:\/\/bambapolitica.com.mx\/?p=52681"},"modified":"2022-11-10T08:01:12","modified_gmt":"2022-11-10T14:01:12","slug":"sefiplan-y-la-shcp-ya-garantizaron-el-pago-del-retroactivo-para-diciembre","status":"publish","type":"post","link":"https:\/\/bambapolitica.com.mx\/index.php\/2022\/11\/10\/sefiplan-y-la-shcp-ya-garantizaron-el-pago-del-retroactivo-para-diciembre\/","title":{"rendered":"SEFIPLAN y la SHCP ya garantizaron el pago del retroactivo para diciembre."},"content":{"rendered":"\n<p>jueves, 10 de noviembre de 2022<\/p>\n\n\n\n<p>Se est\u00e1 afectando a la ni\u00f1ez y a los j\u00f3venes veracruzanos con estos actos de protesta.<br>El secretario general de la Secci\u00f3n 56 del Sindicato Nacional de Trabajadores de la Educaci\u00f3n (SNTE), Jos\u00e9 Reveriano Mar\u00edn Hern\u00e1ndez, pidi\u00f3 a los maestros estatales retomar las clases en escuelas del estado que se han cerrado como medida de protesta por el retraso en el pago incremento del 3%, 2%, y 1%, con retroactivo al mes de enero de 2022 que ofreci\u00f3 el presidente Andr\u00e9s Manuel L\u00f3pez Obrador.<\/p>\n\n\n\n<p>El l\u00edder sindical asegur\u00f3 que en la actualidad el gobierno ya dio una fecha para cumplir con el pago, y existe el compromiso de que se ver\u00e1 reflejado junto con el aguinaldo, una de las exigencias del magisterio.<\/p>\n\n\n\n<p>\u201cHa habido algunas manifestaciones, lo que nosotros podr\u00edamos decirles a nuestros agremiados es que hay que regresar a prestar el servicio educativo, hay ya una garant\u00eda de pago, hay fecha e informaci\u00f3n precisa de c\u00f3mo se esta calculando y se va a cubrir todo\u201d, dijo.<\/p>\n\n\n\n<p>Se dijo respetuoso de las acciones de los maestros, sin embargo, aclar\u00f3 que las manifestaciones permitieron negociar para evitar un impacto en el impuesto sobre la renta (ISR), y el pago ser\u00e1 retroactivo a enero de este a\u00f1o.<\/p>\n\n\n\n<p>Mar\u00edn Hern\u00e1ndez plante\u00f3 que los maestros deber\u00edan retomar las clases, para no afectar a los estudiantes, pues en este momento estar\u00edan en la evaluaci\u00f3n del primer trimestre, lo que podr\u00eda causar alg\u00fan retraso en el aprendizaje de los contenidos.<\/p>\n\n\n\n<p>\u201cYo les pedir\u00eda a los trabajadores de la educaci\u00f3n que asumamos el compromiso con la ni\u00f1ez y los j\u00f3venes veracruzanos, pues es nuestra herramienta de trabajo. Algunos exig\u00edan que el pago del retroactivo fuera en noviembre, pero debemos entender que al no haber el dinero en el estado se tiene que ver la manera de c\u00f3mo cubrir, por lo que ya hay un compromiso real de la Secretar\u00eda de Finanzas y de la SHCP de pago en la segunda semana de diciembre\u201d, expuso.<\/p>\n","protected":false},"excerpt":{"rendered":"<p>jueves, 10 de noviembre de 2022 Se est\u00e1 afectando a la ni\u00f1ez y a los&#8230;<\/p>\n","protected":false},"author":3,"featured_media":52682,"comment_status":"closed","ping_status":"closed","sticky":false,"template":"","format":"standard","meta":{"footnotes":""},"categories":[4],"tags":[],"class_list":["post-52681","post","type-post","status-publish","format-standard","has-post-thumbnail","hentry","category-noticias-del-dia"],"_links":{"self":[{"href":"https:\/\/bambapolitica.com.mx\/index.php\/wp-json\/wp\/v2\/posts\/52681","targetHints":{"allow":["GET"]}}],"collection":[{"href":"https:\/\/bambapolitica.com.mx\/index.php\/wp-json\/wp\/v2\/posts"}],"about":[{"href":"https:\/\/bambapolitica.com.mx\/index.php\/wp-json\/wp\/v2\/types\/post"}],"author":[{"embeddable":true,"href":"https:\/\/bambapolitica.com.mx\/index.php\/wp-json\/wp\/v2\/users\/3"}],"replies":[{"embeddable":true,"href":"https:\/\/bambapolitica.com.mx\/index.php\/wp-json\/wp\/v2\/comments?post=52681"}],"version-history":[{"count":1,"href":"https:\/\/bambapolitica.com.mx\/index.php\/wp-json\/wp\/v2\/posts\/52681\/revisions"}],"predecessor-version":[{"id":52683,"href":"https:\/\/bambapolitica.com.mx\/index.php\/wp-json\/wp\/v2\/posts\/52681\/revisions\/52683"}],"wp:featuredmedia":[{"embeddable":true,"href":"https:\/\/bambapolitica.com.mx\/index.php\/wp-json\/wp\/v2\/media\/52682"}],"wp:attachment":[{"href":"https:\/\/bambapolitica.com.mx\/index.php\/wp-json\/wp\/v2\/media?parent=52681"}],"wp:term":[{"taxonomy":"category","embeddable":true,"href":"https:\/\/bambapolitica.com.mx\/index.php\/wp-json\/wp\/v2\/categories?post=52681"},{"taxonomy":"post_tag","embeddable":true,"href":"https:\/\/bambapolitica.com.mx\/index.php\/wp-json\/wp\/v2\/tags?post=52681"}],"curies":[{"name":"wp","href":"https:\/\/api.w.org\/{rel}","templated":true}]}}