{"id":52686,"date":"2022-11-10T08:10:06","date_gmt":"2022-11-10T14:10:06","guid":{"rendered":"http:\/\/bambapolitica.com.mx\/?p=52686"},"modified":"2022-11-10T08:10:09","modified_gmt":"2022-11-10T14:10:09","slug":"esto-es-lo-que-sabemos-del-accidente-en-ecatepec-donde-un-nino-murio","status":"publish","type":"post","link":"https:\/\/bambapolitica.com.mx\/index.php\/2022\/11\/10\/esto-es-lo-que-sabemos-del-accidente-en-ecatepec-donde-un-nino-murio\/","title":{"rendered":"Esto es lo que sabemos del accidente en Ecatepec donde un ni\u00f1o muri\u00f3"},"content":{"rendered":"\n<p>jueves, 10 de noviembre de 2022<\/p>\n\n\n\n<p>Un conflicto entre el conductor de un veh\u00edculo y un motociclista desat\u00f3 el accidente en el que un ni\u00f1o que vend\u00eda papas con sus padres muri\u00f3.<\/p>\n\n\n\n<p><br>Un menor de siete a\u00f1os sin vida y al menos cinco personas lesionadas dej\u00f3 la pelea en entre un motociclista y una automovilista la tarde de este 9 de noviembre, cuando ambos circulaban por la Avenida Central a la altura de la colonia Valle de An\u00e1huac en el municipio de Ecatepec, Estado de M\u00e9xico.<br>El veh\u00edculo marca Suzuki Swift amarillo placas PDV-7887 del Estado de M\u00e9xico, circula a alta velocidad sobre la Avenida Central, cuando desquiciado por un conflicto vial embiste a una motocicleta y con \u00e9l todo lo que se encontr\u00f3 a su paso, incluido el puesto de papas donde apenas hace dos d\u00edas hab\u00eda comenzado a trabajar el peque\u00f1o identificado como Rodrigo con sus pap\u00e1s y uno m\u00e1s de venta de fotograf\u00edas para graduaci\u00f3n.<\/p>\n\n\n\n<p>Conflicto vial provoc\u00f3 accidente en Ecatepec<br>El material obtenido por c\u00e1maras de seguridad registra la actividad que se desarrolla en la Avenida Central, cuando capta el momento en el que un motociclista que circulaba sobre los carriles de baja trata de patear el espejo del coche amarillo, esto provoc\u00f3 que el chofer del auto lo siguiera por algunos metros al motociclista y lo embistiera.<br>Conductor del auto escapa en medio de la confusi\u00f3n<\/p>\n\n\n\n<p>El conductor del auto particular aprovech\u00f3 el caos generado por el accidente para huir del lugar. La c\u00e1mara de seguridad capt\u00f3 a un hombre con pantal\u00f3n de mezclilla y sudadera negra sin un zapato caminar y alejarse.<br>Conductor de la moto era un boxeador profesional<\/p>\n\n\n\n<p>El conductor de la motocicleta, identificado como Marco Antonio L\u00f3pez, de 25 a\u00f1os, y con quien tuvo el conflicto el chofer del veh\u00edculo marca Suzuki es un boxeador profesional que este s\u00e1bado 12 de noviembre tendr\u00eda una presentaci\u00f3n en el Centro C\u00edvico de Ecatepec, sin embargo, hoy se debate entre la vida y la muerte en un hospital.<\/p>\n\n\n\n<p>Se sabe que en las pr\u00f3ximas horas ser\u00e1 trasladado al hospital de Magdalena de las Salinas del IMSS debido a las heridas que present\u00f3.<\/p>\n\n\n\n<p>Las otras cuatro personas que resultaron lesionadas ya fueron identificadas, se trata de:<\/p>\n\n\n\n<p>Alberto Gonz\u00e1lez Raymundo de 33 a\u00f1os<br>Rosalba Rodr\u00edguez V\u00e1zquez de 37 a\u00f1os<br>Hugo Miranda God\u00ednez de 43 a\u00f1os<br>Samanta Alel\u00ed Guti\u00e9rrez Ortiz de 22 a\u00f1os.<br>Due\u00f1o del auto involucrado en el accidente se present\u00f3 en el MP<\/p>\n\n\n\n<p>El propietario del auto marca Suzuki Swift, identificado como Jos\u00e9 Roberto \u2018N\u2019, se present\u00f3 ante el Ministerio P\u00fablico, confirmaron fuentes de la Fiscal\u00eda General de Justicia del Estado de M\u00e9xico a TELEDIARIO.<\/p>\n\n\n\n<p>Seg\u00fan dijo el propietario, el auto fue tomado sin su autorizaci\u00f3n por un presunto familiar, versi\u00f3n que las autoridades se encargar\u00e1n de confirmar.<\/p>\n","protected":false},"excerpt":{"rendered":"<p>jueves, 10 de noviembre de 2022 Un conflicto entre el conductor de un veh\u00edculo y&#8230;<\/p>\n","protected":false},"author":3,"featured_media":52687,"comment_status":"closed","ping_status":"closed","sticky":false,"template":"","format":"standard","meta":{"footnotes":""},"categories":[4],"tags":[],"class_list":["post-52686","post","type-post","status-publish","format-standard","has-post-thumbnail","hentry","category-noticias-del-dia"],"_links":{"self":[{"href":"https:\/\/bambapolitica.com.mx\/index.php\/wp-json\/wp\/v2\/posts\/52686","targetHints":{"allow":["GET"]}}],"collection":[{"href":"https:\/\/bambapolitica.com.mx\/index.php\/wp-json\/wp\/v2\/posts"}],"about":[{"href":"https:\/\/bambapolitica.com.mx\/index.php\/wp-json\/wp\/v2\/types\/post"}],"author":[{"embeddable":true,"href":"https:\/\/bambapolitica.com.mx\/index.php\/wp-json\/wp\/v2\/users\/3"}],"replies":[{"embeddable":true,"href":"https:\/\/bambapolitica.com.mx\/index.php\/wp-json\/wp\/v2\/comments?post=52686"}],"version-history":[{"count":1,"href":"https:\/\/bambapolitica.com.mx\/index.php\/wp-json\/wp\/v2\/posts\/52686\/revisions"}],"predecessor-version":[{"id":52688,"href":"https:\/\/bambapolitica.com.mx\/index.php\/wp-json\/wp\/v2\/posts\/52686\/revisions\/52688"}],"wp:featuredmedia":[{"embeddable":true,"href":"https:\/\/bambapolitica.com.mx\/index.php\/wp-json\/wp\/v2\/media\/52687"}],"wp:attachment":[{"href":"https:\/\/bambapolitica.com.mx\/index.php\/wp-json\/wp\/v2\/media?parent=52686"}],"wp:term":[{"taxonomy":"category","embeddable":true,"href":"https:\/\/bambapolitica.com.mx\/index.php\/wp-json\/wp\/v2\/categories?post=52686"},{"taxonomy":"post_tag","embeddable":true,"href":"https:\/\/bambapolitica.com.mx\/index.php\/wp-json\/wp\/v2\/tags?post=52686"}],"curies":[{"name":"wp","href":"https:\/\/api.w.org\/{rel}","templated":true}]}}