{"id":52689,"date":"2022-11-10T08:18:25","date_gmt":"2022-11-10T14:18:25","guid":{"rendered":"http:\/\/bambapolitica.com.mx\/?p=52689"},"modified":"2022-11-10T08:18:28","modified_gmt":"2022-11-10T14:18:28","slug":"garcia-luna-quiere-que-el-juez-analice-si-valdria-la-pena-juzgarlo","status":"publish","type":"post","link":"https:\/\/bambapolitica.com.mx\/index.php\/2022\/11\/10\/garcia-luna-quiere-que-el-juez-analice-si-valdria-la-pena-juzgarlo\/","title":{"rendered":"Garc\u00eda Luna quiere que el juez analice si valdr\u00eda la pena juzgarlo"},"content":{"rendered":"\n<p>jueves, 10 de noviembre de 2022<\/p>\n\n\n\n<p>La defensa del ex secretario de Seguridad P\u00fablica asegura que los se\u00f1alamientos en su contra son f\u00e1cilmente refutables y que no valdr\u00eda la pena ir a juicio pues se demostrar\u00eda f\u00e1cilmente la fragilidad de la acusaci\u00f3n por tr\u00e1fico de coca\u00edna.<\/p>\n\n\n\n<p><br>La defensa del ex secretario de Seguridad P\u00fablica, Genaro Garc\u00eda Luna, insisti\u00f3 en que la Fiscal\u00eda de Estados Unidos no ha presentado ninguna evidencia de las presuntas conexiones y sobornos que el ex funcionario mexicano habr\u00eda recibido del C\u00e1rtel de Sinaloa para facilitar el tr\u00e1fico de coca\u00edna hacia ese pa\u00eds.<\/p>\n\n\n\n<p>Adem\u00e1s, volvi\u00f3 a solicitar que se desestimen las acusaciones por narcotr\u00e1fico que pesan en su contra, derivado de que, a partir de 2012, cuando dej\u00f3 el servicio p\u00fablico, en autom\u00e1tico ya no habr\u00eda podido participar en un esquema de protecci\u00f3n institucional hasta al menos 2020, como lo aseguran investigadores estadunidenses.<\/p>\n\n\n\n<p>En su r\u00e9plica a los fiscales neoyorquinos que solicitaron al juez Brian Cogan no desestimar los cargos por tr\u00e1fico de coca\u00edna contra Garc\u00eda Luna, la defensa del ex funcionario mexicano insisti\u00f3 en que \u201cser\u00eda una enorme p\u00e9rdida de tiempo y recursos para la Corte el esperar para decidir una pregunta legal hasta el final del juicio cuando la misma pregunta podr\u00eda decidirse antes del juicio porque no hay hechos en disputa.\u201d<br>Por lo cual volvi\u00f3 a solicitar que se desestimen los primeros 4 cargos por tr\u00e1fico de coca\u00edna y solo se mantenga el cargo por mentir a autoridades, lo que dejar\u00eda un caso sencillo por resolver a la defensa de Garc\u00eda Luna.<\/p>\n\n\n\n<p>La defensa dijo que otra alternativa podr\u00eda ser \u201cllevar a cabo una audiencia previa para dar m\u00e1s informaci\u00f3n sobre este tema, en lugar de desordenar tiempo y recursos para un juicio de dos meses, solo para llegar a la misma conclusi\u00f3n en ese momento.\u201d<\/p>\n\n\n\n<p>En la r\u00e9plica, que se desprende de una moci\u00f3n para desestimar cargos, la \u00faltima instancia a la que Garc\u00eda Luna podr\u00e1 apelar antes de ir a juicio, los abogados del ex secretario de Seguridad P\u00fablica aseguran que no es legalmente posible acusarlo de haber protegido al C\u00e1rtel de Sinaloa, sin admitir nada, hasta 8 a\u00f1os despu\u00e9s de que dejara de trabajar en el gobierno.<\/p>\n\n\n\n<p>Adem\u00e1s, han pedido que los fiscales revelen m\u00e1s pruebas que han producido sobre el involucramiento de su cliente con el narcotr\u00e1fico, pues aseguran que \u201cel gobierno ha fallado en siquiera sugerir, mucho menos demostrar, que posee alguna evidencia de que el se\u00f1or Garc\u00eda Luna particip\u00f3 en alguna conspiraci\u00f3n con el C\u00e1rtel de Sinaloa despu\u00e9s de 2012.\u201d<\/p>\n","protected":false},"excerpt":{"rendered":"<p>jueves, 10 de noviembre de 2022 La defensa del ex secretario de Seguridad P\u00fablica asegura&#8230;<\/p>\n","protected":false},"author":3,"featured_media":52690,"comment_status":"closed","ping_status":"closed","sticky":false,"template":"","format":"standard","meta":{"footnotes":""},"categories":[4],"tags":[],"class_list":["post-52689","post","type-post","status-publish","format-standard","has-post-thumbnail","hentry","category-noticias-del-dia"],"_links":{"self":[{"href":"https:\/\/bambapolitica.com.mx\/index.php\/wp-json\/wp\/v2\/posts\/52689","targetHints":{"allow":["GET"]}}],"collection":[{"href":"https:\/\/bambapolitica.com.mx\/index.php\/wp-json\/wp\/v2\/posts"}],"about":[{"href":"https:\/\/bambapolitica.com.mx\/index.php\/wp-json\/wp\/v2\/types\/post"}],"author":[{"embeddable":true,"href":"https:\/\/bambapolitica.com.mx\/index.php\/wp-json\/wp\/v2\/users\/3"}],"replies":[{"embeddable":true,"href":"https:\/\/bambapolitica.com.mx\/index.php\/wp-json\/wp\/v2\/comments?post=52689"}],"version-history":[{"count":1,"href":"https:\/\/bambapolitica.com.mx\/index.php\/wp-json\/wp\/v2\/posts\/52689\/revisions"}],"predecessor-version":[{"id":52691,"href":"https:\/\/bambapolitica.com.mx\/index.php\/wp-json\/wp\/v2\/posts\/52689\/revisions\/52691"}],"wp:featuredmedia":[{"embeddable":true,"href":"https:\/\/bambapolitica.com.mx\/index.php\/wp-json\/wp\/v2\/media\/52690"}],"wp:attachment":[{"href":"https:\/\/bambapolitica.com.mx\/index.php\/wp-json\/wp\/v2\/media?parent=52689"}],"wp:term":[{"taxonomy":"category","embeddable":true,"href":"https:\/\/bambapolitica.com.mx\/index.php\/wp-json\/wp\/v2\/categories?post=52689"},{"taxonomy":"post_tag","embeddable":true,"href":"https:\/\/bambapolitica.com.mx\/index.php\/wp-json\/wp\/v2\/tags?post=52689"}],"curies":[{"name":"wp","href":"https:\/\/api.w.org\/{rel}","templated":true}]}}