{"id":52692,"date":"2022-11-10T08:25:34","date_gmt":"2022-11-10T14:25:34","guid":{"rendered":"http:\/\/bambapolitica.com.mx\/?p=52692"},"modified":"2022-11-10T08:25:36","modified_gmt":"2022-11-10T14:25:36","slug":"fiscalia-certifica-identidad-de-maestra-desaparecida-en-ecatepec-y-encontrada-muerta-en-la-cdmx","status":"publish","type":"post","link":"https:\/\/bambapolitica.com.mx\/index.php\/2022\/11\/10\/fiscalia-certifica-identidad-de-maestra-desaparecida-en-ecatepec-y-encontrada-muerta-en-la-cdmx\/","title":{"rendered":"Fiscal\u00eda certifica identidad de Maestra desaparecida en Ecatepec y encontrada muerta en la CDMX."},"content":{"rendered":"\n<p>jueves, 10 de noviembre de 2022<\/p>\n\n\n\n<p>La Fiscal\u00eda General de Justicia del Estado de M\u00e9xico (FGJEM) y la Fiscal\u00eda General de Justicia de la Ciudad de M\u00e9xico (FGJ CDMX) informaron que fue identificada la joven hallada sin vida en la Ciudad de M\u00e9xico, quien hab\u00eda sido reportada como desaparecida el pasado 3 de noviembre en el municipio de Ecatepec.<\/p>\n\n\n\n<p>Ante estos hechos, ambas instituciones continuar\u00e1n en coordinaci\u00f3n con las investigaciones por la comisi\u00f3n de los delitos de feminicidio y desaparici\u00f3n, lo que es realizado con perspectiva de g\u00e9nero para el total esclarecimiento de los hechos y presentar ante la Autoridad Judicial a quien o quienes sean posibles responsables.<\/p>\n\n\n\n<p>La Fiscal\u00eda General de Justicia mexiquense y la Fiscal\u00eda General de Justicia capitalina realizar\u00e1n las pruebas periciales correspondientes para establecer la causa de muerte de la v\u00edctima.<\/p>\n\n\n\n<p>Tras la desaparici\u00f3n de quien en vida respond\u00eda al nombre de M\u00f3nica Citlalli D\u00edaz, qui\u00e9n se desempe\u00f1aba c\u00f3mo maestra de ingl\u00e9s en una escuela particular, familiares, vecinos, compa\u00f1eros de trabajo y alumnos, realizaron bloqueos y manifestaciones, exigiendo su b\u00fasqueda y localizaci\u00f3n.<\/p>\n\n\n\n<p>Sin embargo, la maestra fue encontrada muerta, estaba cubierta con una cobija y bolsas de pl\u00e1stico en una pendiente a la altura del kil\u00f3metro 40+800, con direcci\u00f3n a Morelos, correspondiente a la comunidad de Parres, alcald\u00eda Tlalpan, en la Ciudad de M\u00e9xico.<\/p>\n\n\n\n<p>Con este, suman 101 feminicidios registrados en el Estado de M\u00e9xico, en lo que va del a\u00f1o, colocando a la entidad como la que m\u00e1s casos registra, seguida por Nuevo Le\u00f3n con 79 y Veracruz con 55.<\/p>\n","protected":false},"excerpt":{"rendered":"<p>jueves, 10 de noviembre de 2022 La Fiscal\u00eda General de Justicia del Estado de M\u00e9xico&#8230;<\/p>\n","protected":false},"author":3,"featured_media":52693,"comment_status":"closed","ping_status":"closed","sticky":false,"template":"","format":"standard","meta":{"footnotes":""},"categories":[4],"tags":[],"class_list":["post-52692","post","type-post","status-publish","format-standard","has-post-thumbnail","hentry","category-noticias-del-dia"],"_links":{"self":[{"href":"https:\/\/bambapolitica.com.mx\/index.php\/wp-json\/wp\/v2\/posts\/52692","targetHints":{"allow":["GET"]}}],"collection":[{"href":"https:\/\/bambapolitica.com.mx\/index.php\/wp-json\/wp\/v2\/posts"}],"about":[{"href":"https:\/\/bambapolitica.com.mx\/index.php\/wp-json\/wp\/v2\/types\/post"}],"author":[{"embeddable":true,"href":"https:\/\/bambapolitica.com.mx\/index.php\/wp-json\/wp\/v2\/users\/3"}],"replies":[{"embeddable":true,"href":"https:\/\/bambapolitica.com.mx\/index.php\/wp-json\/wp\/v2\/comments?post=52692"}],"version-history":[{"count":1,"href":"https:\/\/bambapolitica.com.mx\/index.php\/wp-json\/wp\/v2\/posts\/52692\/revisions"}],"predecessor-version":[{"id":52694,"href":"https:\/\/bambapolitica.com.mx\/index.php\/wp-json\/wp\/v2\/posts\/52692\/revisions\/52694"}],"wp:featuredmedia":[{"embeddable":true,"href":"https:\/\/bambapolitica.com.mx\/index.php\/wp-json\/wp\/v2\/media\/52693"}],"wp:attachment":[{"href":"https:\/\/bambapolitica.com.mx\/index.php\/wp-json\/wp\/v2\/media?parent=52692"}],"wp:term":[{"taxonomy":"category","embeddable":true,"href":"https:\/\/bambapolitica.com.mx\/index.php\/wp-json\/wp\/v2\/categories?post=52692"},{"taxonomy":"post_tag","embeddable":true,"href":"https:\/\/bambapolitica.com.mx\/index.php\/wp-json\/wp\/v2\/tags?post=52692"}],"curies":[{"name":"wp","href":"https:\/\/api.w.org\/{rel}","templated":true}]}}