{"id":52698,"date":"2022-11-10T08:48:44","date_gmt":"2022-11-10T14:48:44","guid":{"rendered":"http:\/\/bambapolitica.com.mx\/?p=52698"},"modified":"2022-11-11T09:24:32","modified_gmt":"2022-11-11T15:24:32","slug":"dan-100-anos-de-carcel-a-hombre-por-secuestro-pedia-10-mdp-por-liberacion","status":"publish","type":"post","link":"https:\/\/bambapolitica.com.mx\/index.php\/2022\/11\/10\/dan-100-anos-de-carcel-a-hombre-por-secuestro-pedia-10-mdp-por-liberacion\/","title":{"rendered":"Dan 100 a\u00f1os de c\u00e1rcel a hombre por secuestro; ped\u00eda 10 mdp por liberaci\u00f3n"},"content":{"rendered":"\n<p>viernes, 11 de noviembre de 2022<\/p>\n\n\n\n<p>Se trata de Christian Aar\u00f3n \u201cH\u201d, fue detenido el pasado 25 de agosto del 2018 en las calles Lomas de Sotelo y Lomas del Oriente.<\/p>\n\n\n\n<p><br>Un juez dict\u00f3 100 a\u00f1os de prisi\u00f3n contra un hombre por el delito de secuestro. Mantuvo cautivo a un residente de Altamira por m\u00e1s de un mes y pidi\u00f3 10 millones de pesos por su liberaci\u00f3n; el delincuente adem\u00e1s estaba vinculado con el l\u00edder de la c\u00e9lula delincuencial que fue asesinado en el penal.<br>Se trata de Christian Aar\u00f3n \u201cH\u201d, fue detenido el pasado 25 de agosto del 2018 en las calles Lomas de Sotelo y Lomas del Oriente, en la colonia Lomas de Cumbres.<\/p>\n\n\n\n<p>Capturan a quien dirig\u00eda el grupo<br>Ese mismo d\u00eda fue capturado H\u00e9ctor Adri\u00e1n Lucio Benavides, de 39 a\u00f1os, apodado &#8220;La Yegua&#8221; o &#8220;El Penco&#8221;, que dirig\u00eda a ese grupo, a ambos les fue firmada una orden de aprehensi\u00f3n por el delito de secuestro y homicidio.<\/p>\n\n\n\n<p>Sin embargo, a los pocos d\u00edas de haber llegado al penal de Altamira &#8220;La Yegua&#8221; fue asesinado, por esta raz\u00f3n por el delito de secuestro cometido contra un residente de Altamira, solo Christian Aar\u00f3n \u201cH\u201d recibi\u00f3 sentencia, que de acuerdo con lo que estipula el juez ser\u00e1n 100 a\u00f1os de prisi\u00f3n por el delito de secuestro agravado.<\/p>\n\n\n\n<p>&#8220;Un Tribunal Unitario de Enjuiciamiento emiti\u00f3 condena despu\u00e9s de que el representante social, adscrito a la Unidad Especializada en Combate al Secuestro, presentara elementos de prueba contundentes que acreditaron fehacientemente la responsabilidad del hoy sentenciado, en el citado delito&#8221;, indic\u00f3 la Fiscal\u00eda General de Justicia.<br>Deber\u00e1 pagar multa de m\u00e1s de un mill\u00f3n de pesos<br>Asimismo, la autoridad judicial estableci\u00f3 que Christian Aar\u00f3n \u201cH\u201d, deber\u00e1 pagar una multa de 16 mil Unidades de Medida y Actualizaci\u00f3n, equivalentes a un mill\u00f3n 289 mil 600 pesos, la reparaci\u00f3n integral del da\u00f1o; adem\u00e1s de recibir amonestaci\u00f3n p\u00fablica y la suspensi\u00f3n de sus derechos civiles y pol\u00edticos durante su confinamiento.<\/p>\n\n\n\n<p>Se indic\u00f3 que la v\u00edctima estuvo privada de su libertad el 20 de junio al 31 de julio del a\u00f1o 2018, esto en el municipio de Altamira y por su rescate ped\u00edan 10 millones de pesos.<\/p>\n","protected":false},"excerpt":{"rendered":"<p>viernes, 11 de noviembre de 2022 Se trata de Christian Aar\u00f3n \u201cH\u201d, fue detenido el&#8230;<\/p>\n","protected":false},"author":3,"featured_media":52699,"comment_status":"closed","ping_status":"closed","sticky":false,"template":"","format":"standard","meta":{"footnotes":""},"categories":[2],"tags":[],"class_list":["post-52698","post","type-post","status-publish","format-standard","has-post-thumbnail","hentry","category-policiaca"],"_links":{"self":[{"href":"https:\/\/bambapolitica.com.mx\/index.php\/wp-json\/wp\/v2\/posts\/52698","targetHints":{"allow":["GET"]}}],"collection":[{"href":"https:\/\/bambapolitica.com.mx\/index.php\/wp-json\/wp\/v2\/posts"}],"about":[{"href":"https:\/\/bambapolitica.com.mx\/index.php\/wp-json\/wp\/v2\/types\/post"}],"author":[{"embeddable":true,"href":"https:\/\/bambapolitica.com.mx\/index.php\/wp-json\/wp\/v2\/users\/3"}],"replies":[{"embeddable":true,"href":"https:\/\/bambapolitica.com.mx\/index.php\/wp-json\/wp\/v2\/comments?post=52698"}],"version-history":[{"count":2,"href":"https:\/\/bambapolitica.com.mx\/index.php\/wp-json\/wp\/v2\/posts\/52698\/revisions"}],"predecessor-version":[{"id":52782,"href":"https:\/\/bambapolitica.com.mx\/index.php\/wp-json\/wp\/v2\/posts\/52698\/revisions\/52782"}],"wp:featuredmedia":[{"embeddable":true,"href":"https:\/\/bambapolitica.com.mx\/index.php\/wp-json\/wp\/v2\/media\/52699"}],"wp:attachment":[{"href":"https:\/\/bambapolitica.com.mx\/index.php\/wp-json\/wp\/v2\/media?parent=52698"}],"wp:term":[{"taxonomy":"category","embeddable":true,"href":"https:\/\/bambapolitica.com.mx\/index.php\/wp-json\/wp\/v2\/categories?post=52698"},{"taxonomy":"post_tag","embeddable":true,"href":"https:\/\/bambapolitica.com.mx\/index.php\/wp-json\/wp\/v2\/tags?post=52698"}],"curies":[{"name":"wp","href":"https:\/\/api.w.org\/{rel}","templated":true}]}}