{"id":52701,"date":"2022-11-10T08:53:31","date_gmt":"2022-11-10T14:53:31","guid":{"rendered":"http:\/\/bambapolitica.com.mx\/?p=52701"},"modified":"2022-11-11T09:25:07","modified_gmt":"2022-11-11T15:25:07","slug":"detienen-a-conductor-del-taxi-del-que-se-avento-lidia-gabriela","status":"publish","type":"post","link":"https:\/\/bambapolitica.com.mx\/index.php\/2022\/11\/10\/detienen-a-conductor-del-taxi-del-que-se-avento-lidia-gabriela\/","title":{"rendered":"Detienen a conductor del taxi del que se avent\u00f3 Lidia Gabriela"},"content":{"rendered":"\n<p>viernes, 11 de noviembre de 2022<\/p>\n\n\n\n<p>El hombre confirm\u00f3 que conduc\u00eda el veh\u00edculo del que se avent\u00f3 la joven.<\/p>\n\n\n\n<p>Fernando &#8216;N&#8217;, conductor del taxi del que se avent\u00f3 Lidia Gabriela, fue detenido, confirm\u00f3 el titular de la Secretar\u00eda de Seguridad Ciudadana, Omar Garc\u00ed Harfuch.<\/p>\n\n\n\n<p>El funcionario indic\u00f3 a trav\u00e9s de su cuenta de Twitter que el hombre confirm\u00f3 que \u00e9l conduc\u00eda la unidad. Agreg\u00f3 que los delitos contra las mujeres son prioridad para este gobierno.<br>&#8220;El d\u00eda de hoy SSC y Fiscal\u00f1ia CdMx detuvieron a Fernando &#8216;N&#8217; quien se confirma iba conduciendo el taxi que fue asegurado en d\u00edas pasados relacionado con el lamentable feminicidio de Lidia Gabriela. Los delitos en contra de las mujeres son prioridad para este gobierno&#8221;, public\u00f3 el funcionario.<br>La captura del hombre de 56 a\u00f1os se realiz\u00f3 en un inmueble localizado en la colonia Granjas Estrella, donde adem\u00e1s los elementos aseguraron droga y un arma de fuego.<\/p>\n\n\n\n<p>La Secretar\u00eda de Seguridad Ciudadana dio a conocer que, luego de trabajos de gabinete y campo, y en seguimiento al aseguramiento del taxi vinculado con el incidente ocurrido el pasado 1 de noviembre, se obtuvo informaci\u00f3n que permiti\u00f3 identificar la ruta de la unidad, as\u00ed como la ubicaci\u00f3n del posible responsable, por lo cual se efectuaron vigilancias fijas y m\u00f3viles en la zona.<\/p>\n\n\n\n<p>Tras obtener los datos de prueba, los cuales fueron entregados por el agente del Ministerio P\u00fablico a un Juez de Control, quien liber\u00f3 la orden de cateo correspondiente, se realiz\u00f3 la intervenci\u00f3n en el domicilio ubicado en la colonia Granjas Estrella.<\/p>\n\n\n\n<p>Fue as\u00ed como las autoridades acudieron al inmueble, donde realizaron un despliegue operativo, en el que capturaron a Vel\u00e1zquez Garnica, quien, al percatarse de la presencia policial, intent\u00f3 huir del sitio e ingresar a otro domicilio.<\/p>\n\n\n\n<p>Sin embargo, los uniformados le dieron alcance y, luego de realizarle una revisi\u00f3n, le encontraron un arma de fuego y cuatro cartuchos \u00fatiles, as\u00ed como 47 bolsitas con aparente coca\u00edna en piedra, una bolsa m\u00e1s con hierba verde seca, al parecer, marihuana y dinero en efectivo.<\/p>\n\n\n\n<p>El hombre fue trasladado junto con la posible droga asegurada y el arma de fuego al agente del Ministerio P\u00fablico, quien iniciar\u00e1 la carpeta de investigaci\u00f3n correspondiente y determinar\u00e1 su situaci\u00f3n legal.<br>\u00bfQu\u00e9 pas\u00f3 con Lidia Gabriela?<br>Lidia Gabriela G\u00f3mez muri\u00f3 luego de arrojarse de un taxi en movimiento, sobre la calzada Ermita Iztapalapa, despu\u00e9s de que el conductor no quiso detener su marcha; la Fiscal\u00eda de la CdMx investiga el deceso con protocolo de feminicidio.<\/p>\n\n\n\n<p>Diego Maldonado, primo de la v\u00edctima, detall\u00f3 que los hechos ocurrieron el pasado martes 1 de noviembre, cuando la joven de 23 a\u00f1os abord\u00f3 un taxi en la colonia Las Pe\u00f1as, alcald\u00eda Iztapalapa. Se dirig\u00eda a la estaci\u00f3n del metro Constituci\u00f3n de 1917, pero no lleg\u00f3 a su destino.<\/p>\n\n\n\n<p>\u201cElla se dirig\u00eda al metro Constituci\u00f3n de 1917, pero no lleg\u00f3 a su destino. Se ten\u00eda que bajar en el Metro, pero el conductor se sigui\u00f3 derecho y sigui\u00f3 muy muy fuerte, no se detuvo, mucha gente, tenemos testimonios de mucha gente que vieron que ella estaba con la mitad del cuerpo en la ventana, y con la otra mitad en dentro del carro&#8221;, se\u00f1al\u00f3.<br>&#8220;Tambi\u00e9n hay muchos testigos que vieron cuando ella se avienta del carro. Por lo que nosotros entendemos o sabemos es de que el chofer le quiso cobrar un poquito m\u00e1s de lo normal, y al parecer mi hermana le dijo, oye creo que est\u00e1 un poco caro, no sabemos qu\u00e9 fue exactamente lo que le dijo, pero el chofer se molest\u00f3 y se sigui\u00f3, se sigui\u00f3 por toda la calzada Ermita Iztapalapa y no se par\u00f3 y mi hermana se avent\u00f3\u201d, a\u00f1adi\u00f3.<br>Fiscal\u00eda detiene a hermano del conductor<br>En una confusi\u00f3n, la Fiscal\u00eda capitalina detuvo a Federico Vel\u00e1zquez, hermano de Fernando &#8216;N&#8217;. Sin embargo, se determin\u00f3 que no era quien conduc\u00eda la unidad de la que se arroj\u00f3 la joven.<\/p>\n\n\n\n<p>Posteriormente, un juez inici\u00f3 un proceso penal contra este hombre, por su probable responsabilidad en el delito contra la salud, en su modalidad de narcomenudeo, y le impuso prisi\u00f3n preventiva justificada, por lo que permanecer\u00e1 en el Reclusorio Norte.<\/p>\n\n\n\n<p>El juzgador tambi\u00e9n proces\u00f3 y dict\u00f3 la misma medida cautelar a Israel Garnica Meza de 31 a\u00f1os, quien fue capturado con Federico Vel\u00e1zquez.<\/p>\n","protected":false},"excerpt":{"rendered":"<p>viernes, 11 de noviembre de 2022 El hombre confirm\u00f3 que conduc\u00eda el veh\u00edculo del que&#8230;<\/p>\n","protected":false},"author":3,"featured_media":52702,"comment_status":"closed","ping_status":"closed","sticky":false,"template":"","format":"standard","meta":{"footnotes":""},"categories":[2],"tags":[],"class_list":["post-52701","post","type-post","status-publish","format-standard","has-post-thumbnail","hentry","category-policiaca"],"_links":{"self":[{"href":"https:\/\/bambapolitica.com.mx\/index.php\/wp-json\/wp\/v2\/posts\/52701","targetHints":{"allow":["GET"]}}],"collection":[{"href":"https:\/\/bambapolitica.com.mx\/index.php\/wp-json\/wp\/v2\/posts"}],"about":[{"href":"https:\/\/bambapolitica.com.mx\/index.php\/wp-json\/wp\/v2\/types\/post"}],"author":[{"embeddable":true,"href":"https:\/\/bambapolitica.com.mx\/index.php\/wp-json\/wp\/v2\/users\/3"}],"replies":[{"embeddable":true,"href":"https:\/\/bambapolitica.com.mx\/index.php\/wp-json\/wp\/v2\/comments?post=52701"}],"version-history":[{"count":2,"href":"https:\/\/bambapolitica.com.mx\/index.php\/wp-json\/wp\/v2\/posts\/52701\/revisions"}],"predecessor-version":[{"id":52783,"href":"https:\/\/bambapolitica.com.mx\/index.php\/wp-json\/wp\/v2\/posts\/52701\/revisions\/52783"}],"wp:featuredmedia":[{"embeddable":true,"href":"https:\/\/bambapolitica.com.mx\/index.php\/wp-json\/wp\/v2\/media\/52702"}],"wp:attachment":[{"href":"https:\/\/bambapolitica.com.mx\/index.php\/wp-json\/wp\/v2\/media?parent=52701"}],"wp:term":[{"taxonomy":"category","embeddable":true,"href":"https:\/\/bambapolitica.com.mx\/index.php\/wp-json\/wp\/v2\/categories?post=52701"},{"taxonomy":"post_tag","embeddable":true,"href":"https:\/\/bambapolitica.com.mx\/index.php\/wp-json\/wp\/v2\/tags?post=52701"}],"curies":[{"name":"wp","href":"https:\/\/api.w.org\/{rel}","templated":true}]}}