{"id":52704,"date":"2022-11-10T08:56:10","date_gmt":"2022-11-10T14:56:10","guid":{"rendered":"http:\/\/bambapolitica.com.mx\/?p=52704"},"modified":"2022-11-11T09:29:53","modified_gmt":"2022-11-11T15:29:53","slug":"hallan-muerta-a-seidy-anahi-trabajadora-del-poder-judicial-de-veracruz","status":"publish","type":"post","link":"https:\/\/bambapolitica.com.mx\/index.php\/2022\/11\/10\/hallan-muerta-a-seidy-anahi-trabajadora-del-poder-judicial-de-veracruz\/","title":{"rendered":"Rescatan a persona secuestrada y detienen a presuntos captores en Chalco"},"content":{"rendered":"\n<p>viernes, 11 de noviembre de 2022<\/p>\n\n\n\n<p>La v\u00edctima viajaba a bordo de una motocicleta en la carretera Cocotitl\u00e1n -Cuautzingo, en la colonia los \u00c1lamos, cuando fue interceptada.<\/p>\n\n\n\n<p><br>Durante un operativo realizado en Chalco, personal de la Fiscal\u00eda General de Justicia del Estado de M\u00e9xico (FGJEM) rescat\u00f3 a una persona que se encontraba secuestrada desde el pasado 7 de noviembre en este municipio ubicado al oriente de la entidad. Adem\u00e1s, en la movilizaci\u00f3n lograron la detenci\u00f3n de tres individuos identificados como Armando \u201cN\u201d de 26 a\u00f1os, Antonio David \u201cN\u201d de 19 a\u00f1os, as\u00ed como un menor de edad de 18 a\u00f1os quienes habr\u00edan participado en el rapto. De acuerdo con la indagatoria, la v\u00edctima trabaja en una empresa de muebles y productos para el hogar, y el pasado 7 de noviembre viajaba a bordo de una motocicleta en la carretera Cocotitl\u00e1n -Cuautzingo, en la colonia los \u00c1lamos, donde fue interceptado por los tripulantes de un veh\u00edculo marca Volkswagen, tipo Vento. Los tres implicados presuntamente descendieron del autom\u00f3vil y lo habr\u00edan amagado con un arma de fuego, le quitaron sus pertenencias y dinero que llevaba, que pertenec\u00eda a la empresa. Al lugar acudieron dos individuos m\u00e1s quienes se llevaron la motocicleta en la que viajaba la v\u00edctima, mientras que a la v\u00edctima la subieron por la fuerza al veh\u00edculo, donde la mantuvieron privada de la libertad. Despu\u00e9s se llevaron al hombre y lo obligaron a proporcionar el n\u00famero de la empresa; llamaron y solicitaron al due\u00f1o dinero en efectivo a cambio de liberar a la v\u00edctima sin hacerle da\u00f1o. Ante los hechos, personal de la misma empresa solicitaron apoyo a la Fiscal\u00eda y la Polic\u00eda de Investigaci\u00f3n de la Fiscal\u00eda Regional de Amecameca, quienes realizaron una movilizaci\u00f3n en la calle Prolongaci\u00f3n Tizapa, en la colonia Casco de San Juan, donde fue posible el rescate. Poco despu\u00e9s en un operativo desplegado en la zona tambi\u00e9n fue posible la captura de Jos\u00e9 Bryan \u201cN\u201d, quien se encontraba en posesi\u00f3n de la motocicleta en la que viajaba la v\u00edctima, y le aseguraron una navaja. Los detenidos fueron presentados ante el agente del Ministerio P\u00fablico, quien inici\u00f3 la indagatoria por estos hechos y habr\u00e1 de determinar su situaci\u00f3n legal en las pr\u00f3ximas horas.<\/p>\n","protected":false},"excerpt":{"rendered":"<p>viernes, 11 de noviembre de 2022 La v\u00edctima viajaba a bordo de una motocicleta en&#8230;<\/p>\n","protected":false},"author":3,"featured_media":52786,"comment_status":"closed","ping_status":"closed","sticky":false,"template":"","format":"standard","meta":{"footnotes":""},"categories":[2],"tags":[],"class_list":["post-52704","post","type-post","status-publish","format-standard","has-post-thumbnail","hentry","category-policiaca"],"_links":{"self":[{"href":"https:\/\/bambapolitica.com.mx\/index.php\/wp-json\/wp\/v2\/posts\/52704","targetHints":{"allow":["GET"]}}],"collection":[{"href":"https:\/\/bambapolitica.com.mx\/index.php\/wp-json\/wp\/v2\/posts"}],"about":[{"href":"https:\/\/bambapolitica.com.mx\/index.php\/wp-json\/wp\/v2\/types\/post"}],"author":[{"embeddable":true,"href":"https:\/\/bambapolitica.com.mx\/index.php\/wp-json\/wp\/v2\/users\/3"}],"replies":[{"embeddable":true,"href":"https:\/\/bambapolitica.com.mx\/index.php\/wp-json\/wp\/v2\/comments?post=52704"}],"version-history":[{"count":2,"href":"https:\/\/bambapolitica.com.mx\/index.php\/wp-json\/wp\/v2\/posts\/52704\/revisions"}],"predecessor-version":[{"id":52787,"href":"https:\/\/bambapolitica.com.mx\/index.php\/wp-json\/wp\/v2\/posts\/52704\/revisions\/52787"}],"wp:featuredmedia":[{"embeddable":true,"href":"https:\/\/bambapolitica.com.mx\/index.php\/wp-json\/wp\/v2\/media\/52786"}],"wp:attachment":[{"href":"https:\/\/bambapolitica.com.mx\/index.php\/wp-json\/wp\/v2\/media?parent=52704"}],"wp:term":[{"taxonomy":"category","embeddable":true,"href":"https:\/\/bambapolitica.com.mx\/index.php\/wp-json\/wp\/v2\/categories?post=52704"},{"taxonomy":"post_tag","embeddable":true,"href":"https:\/\/bambapolitica.com.mx\/index.php\/wp-json\/wp\/v2\/tags?post=52704"}],"curies":[{"name":"wp","href":"https:\/\/api.w.org\/{rel}","templated":true}]}}