{"id":52714,"date":"2022-11-10T09:30:08","date_gmt":"2022-11-10T15:30:08","guid":{"rendered":"http:\/\/bambapolitica.com.mx\/?p=52714"},"modified":"2022-11-10T09:30:11","modified_gmt":"2022-11-10T15:30:11","slug":"joe-biden-buscara-la-reeleccion-en-2024-tratara-de-que-trump-no-regrese-a-la-presidencia","status":"publish","type":"post","link":"https:\/\/bambapolitica.com.mx\/index.php\/2022\/11\/10\/joe-biden-buscara-la-reeleccion-en-2024-tratara-de-que-trump-no-regrese-a-la-presidencia\/","title":{"rendered":"Joe Biden buscar\u00e1 la reelecci\u00f3n en 2024; tratar\u00e1 de que Trump no regrese a la presidencia"},"content":{"rendered":"\n<p>jueves, 10 de noviembre de 2022<\/p>\n\n\n\n<p>El democrata inform\u00f3 que ratificar\u00e1 esta decisi\u00f3n en 2023<br>El presidente de Estados Unidos, Joe Biden, dijo que buscar\u00e1 la reelecci\u00f3n en 2024, sin embargo, ser\u00e1 hasta el 2023 cuando ratifique su decisi\u00f3n, para que as\u00ed, se pueda evitar que el republicano, Donald Trump regrese a ocupar la Casa Blanca.<\/p>\n\n\n\n<p>Nuestra intenci\u00f3n es volver a presentarnos&#8221;, afirm\u00f3 horas despu\u00e9s de las elecciones de medio mandato en las que el Partido Dem\u00f3crata registr\u00f3 un resultado mejor del previsto. &#8220;Esa ha sido nuestra intenci\u00f3n, independientemente del resultado de estas elecciones. Lo valoraremos a principios del a\u00f1o que viene&#8221;, agreg\u00f3.<br>Durante un discurso tras las elecciones intermedias, Biden hizo un llamado a la unidad pol\u00edtica y pidi\u00f3 el fin de la &#8220;guerra pol\u00edtica interminable&#8221;.<br>El mandatario de Estados Unidos, agreg\u00f3 que es una decisi\u00f3n que tomar\u00e1 junto con su esposa, y dijo que no hay &#8216;prisa&#8217; por tomar dicha elecci\u00f3n, pues agreg\u00f3 que tiene tiempo de sobra.<\/p>\n\n\n\n<p>Cabe se\u00f1alar que Joe Biden es el presidente m\u00e1s longevo en la historia de Estados Unidos, y de ser reelegido, terminar\u00eda su segundo mandato con 86 a\u00f1os.<\/p>\n\n\n\n<p>Biden dijo que trabajar\u00e1 con los republicanos<br>Luego de las eleciones intermedias del 8 de octubre, donde los ciudadanos votaron por gobernantes y eligieron a los miembros de la C\u00e1mara de Representantes y C\u00e1mara de Diputaos, Joe Biden dijo que est\u00e1 dispuesto a trabajar con los republicanos siempre y cuando la oposici\u00f3n est\u00e9 dispuesta a colaborar con \u00e9l, sobre todo con la idea de mantener un enfoque bipartidista.<\/p>\n","protected":false},"excerpt":{"rendered":"<p>jueves, 10 de noviembre de 2022 El democrata inform\u00f3 que ratificar\u00e1 esta decisi\u00f3n en 2023El&#8230;<\/p>\n","protected":false},"author":3,"featured_media":52715,"comment_status":"closed","ping_status":"closed","sticky":false,"template":"","format":"standard","meta":{"footnotes":""},"categories":[5],"tags":[],"class_list":["post-52714","post","type-post","status-publish","format-standard","has-post-thumbnail","hentry","category-internacional"],"_links":{"self":[{"href":"https:\/\/bambapolitica.com.mx\/index.php\/wp-json\/wp\/v2\/posts\/52714","targetHints":{"allow":["GET"]}}],"collection":[{"href":"https:\/\/bambapolitica.com.mx\/index.php\/wp-json\/wp\/v2\/posts"}],"about":[{"href":"https:\/\/bambapolitica.com.mx\/index.php\/wp-json\/wp\/v2\/types\/post"}],"author":[{"embeddable":true,"href":"https:\/\/bambapolitica.com.mx\/index.php\/wp-json\/wp\/v2\/users\/3"}],"replies":[{"embeddable":true,"href":"https:\/\/bambapolitica.com.mx\/index.php\/wp-json\/wp\/v2\/comments?post=52714"}],"version-history":[{"count":1,"href":"https:\/\/bambapolitica.com.mx\/index.php\/wp-json\/wp\/v2\/posts\/52714\/revisions"}],"predecessor-version":[{"id":52716,"href":"https:\/\/bambapolitica.com.mx\/index.php\/wp-json\/wp\/v2\/posts\/52714\/revisions\/52716"}],"wp:featuredmedia":[{"embeddable":true,"href":"https:\/\/bambapolitica.com.mx\/index.php\/wp-json\/wp\/v2\/media\/52715"}],"wp:attachment":[{"href":"https:\/\/bambapolitica.com.mx\/index.php\/wp-json\/wp\/v2\/media?parent=52714"}],"wp:term":[{"taxonomy":"category","embeddable":true,"href":"https:\/\/bambapolitica.com.mx\/index.php\/wp-json\/wp\/v2\/categories?post=52714"},{"taxonomy":"post_tag","embeddable":true,"href":"https:\/\/bambapolitica.com.mx\/index.php\/wp-json\/wp\/v2\/tags?post=52714"}],"curies":[{"name":"wp","href":"https:\/\/api.w.org\/{rel}","templated":true}]}}