{"id":52717,"date":"2022-11-10T09:37:17","date_gmt":"2022-11-10T15:37:17","guid":{"rendered":"http:\/\/bambapolitica.com.mx\/?p=52717"},"modified":"2022-11-10T09:37:19","modified_gmt":"2022-11-10T15:37:19","slug":"bukele-arremete-contra-organismos-internacionales-por-bloquear-el-trabajo-contra-las-pandillas","status":"publish","type":"post","link":"https:\/\/bambapolitica.com.mx\/index.php\/2022\/11\/10\/bukele-arremete-contra-organismos-internacionales-por-bloquear-el-trabajo-contra-las-pandillas\/","title":{"rendered":"Bukele arremete contra organismos internacionales por \u201cbloquear\u201d el trabajo contra las pandillas"},"content":{"rendered":"\n<p>jueves, 10 de noviembre de 2022<\/p>\n\n\n\n<p>Bukele se\u00f1al\u00f3 que \u201chace poco\u201d le comunicaron sobre \u201cuna acci\u00f3n que quiere tomar la CIDH en El Salvador por el combate a las pandillas\u201d<br>El presidente de El Salvador, Nayib Bukele, asegur\u00f3 la noche de este mi\u00e9rcoles que organismos internacionales, entre ellos la Corte Interamericana de Derechos Humanos (CIDH), \u201ctratan de bloquear\u201d el trabajo del Gobierno contra las pandillas.<\/p>\n\n\n\n<p>Es incre\u00edble que mucha de la oposici\u00f3n que hemos tenido en el combate a las pandillas ha venido, incluso, de organismos internacionales que tratan de bloquear nuestro trabajo contra las pandillas\u201c, dijo el mandatario durante un evento de donaci\u00f3n de quintales de harina de trigo por parte del Gobierno de China.<br>Bukele se\u00f1al\u00f3 que \u201chace poco\u201d le comunicaron sobre \u201cuna acci\u00f3n que quiere tomar la CIDH en El Salvador por el combate a las pandillas\u201d.<\/p>\n\n\n\n<p>Yo me pregunto: \u00bfqu\u00e9 hizo la CIDH en los \u00faltimos 30 a\u00f1os cuando las pandillas estaban masacrando al pueblo salvadore\u00f1o?, \u00bfpor qu\u00e9 nunca se pronunciaron a favor del pueblo salvadore\u00f1o?\u201d, cuestion\u00f3.<\/p>\n\n\n\n<p>El mandatario apunt\u00f3 que \u201cpareciera que ahora que estamos logrando defender los derechos humanos del pueblo salvadore\u00f1o honrado, de las personas, cuyos derechos no deben de estar restringidos, se pronuncian que estamos violando los derechos humanos\u201d.<\/p>\n\n\n\n<p>El pasado 25 de octubre, el Estado de El Salvador se neg\u00f3 a rendir cuentas ante la CIDH sobre las acusaciones de detenciones arbitrarias, muertes en custodia estatal y tortura bajo un r\u00e9gimen de excepci\u00f3n vigente.<\/p>\n\n\n\n<p>La CIDH lamenta profundamente la ausencia del Estado de El Salvador pese a que fue oportunamente notificado. Sin embargo, el Estado ha declinado su participaci\u00f3n\u201d, dijo al inicio de la audiencia Julissa Mantilla, presidenta de la CIDH y relatora de pa\u00eds para El Salvador.<\/p>\n\n\n\n<p>Bukele tambi\u00e9n asegur\u00f3 que \u201cno se est\u00e1 manipulando la cifra de los homicidios\u201d, en referencia a la disminuci\u00f3n de asesinatos que se registran en el pa\u00eds.<br>El Salvador se encuentra bajo r\u00e9gimen de excepci\u00f3n, que suspende varias garant\u00edas constitucionales, desde finales de marzo tras una escalada de asesinatos atribuidas a las pandillas.<\/p>\n\n\n\n<p>Esta medida, a la que el Gobierno llama \u201cguerra contra las pandillas\u201c, se ha prorrogado siete veces y ha dejado m\u00e1s 57 mil supuestos miembros de pandillas y personas ligadas a estas bandas detenidos.<\/p>\n\n\n\n<p>Se prev\u00e9 que El Salvador concluya el 2022 bajo esta medida, promovida por el presidente Bukele.<\/p>\n\n\n\n<p>Recientemente, siete organizaciones de El Salvador dieron a conocer que registran 4 mil 71 denuncias por violaciones a derechos humanos bajo el estado de excepci\u00f3n, que junto a las m\u00e1s de 3 mil 400 registradas por la Procuradur\u00eda para la Defensa de los Derechos Humanos (PDDH) superan las 7 mil 400.}<\/p>\n","protected":false},"excerpt":{"rendered":"<p>jueves, 10 de noviembre de 2022 Bukele se\u00f1al\u00f3 que \u201chace poco\u201d le comunicaron sobre \u201cuna&#8230;<\/p>\n","protected":false},"author":3,"featured_media":52718,"comment_status":"closed","ping_status":"closed","sticky":false,"template":"","format":"standard","meta":{"footnotes":""},"categories":[5],"tags":[],"class_list":["post-52717","post","type-post","status-publish","format-standard","has-post-thumbnail","hentry","category-internacional"],"_links":{"self":[{"href":"https:\/\/bambapolitica.com.mx\/index.php\/wp-json\/wp\/v2\/posts\/52717","targetHints":{"allow":["GET"]}}],"collection":[{"href":"https:\/\/bambapolitica.com.mx\/index.php\/wp-json\/wp\/v2\/posts"}],"about":[{"href":"https:\/\/bambapolitica.com.mx\/index.php\/wp-json\/wp\/v2\/types\/post"}],"author":[{"embeddable":true,"href":"https:\/\/bambapolitica.com.mx\/index.php\/wp-json\/wp\/v2\/users\/3"}],"replies":[{"embeddable":true,"href":"https:\/\/bambapolitica.com.mx\/index.php\/wp-json\/wp\/v2\/comments?post=52717"}],"version-history":[{"count":1,"href":"https:\/\/bambapolitica.com.mx\/index.php\/wp-json\/wp\/v2\/posts\/52717\/revisions"}],"predecessor-version":[{"id":52719,"href":"https:\/\/bambapolitica.com.mx\/index.php\/wp-json\/wp\/v2\/posts\/52717\/revisions\/52719"}],"wp:featuredmedia":[{"embeddable":true,"href":"https:\/\/bambapolitica.com.mx\/index.php\/wp-json\/wp\/v2\/media\/52718"}],"wp:attachment":[{"href":"https:\/\/bambapolitica.com.mx\/index.php\/wp-json\/wp\/v2\/media?parent=52717"}],"wp:term":[{"taxonomy":"category","embeddable":true,"href":"https:\/\/bambapolitica.com.mx\/index.php\/wp-json\/wp\/v2\/categories?post=52717"},{"taxonomy":"post_tag","embeddable":true,"href":"https:\/\/bambapolitica.com.mx\/index.php\/wp-json\/wp\/v2\/tags?post=52717"}],"curies":[{"name":"wp","href":"https:\/\/api.w.org\/{rel}","templated":true}]}}