{"id":53042,"date":"2022-11-17T09:18:16","date_gmt":"2022-11-17T15:18:16","guid":{"rendered":"http:\/\/bambapolitica.com.mx\/?p=53042"},"modified":"2022-11-17T09:18:17","modified_gmt":"2022-11-17T15:18:17","slug":"detienen-a-dos-jovenes-por-feminicidio-de-mariana-silva-en-la-laguna","status":"publish","type":"post","link":"https:\/\/bambapolitica.com.mx\/index.php\/2022\/11\/17\/detienen-a-dos-jovenes-por-feminicidio-de-mariana-silva-en-la-laguna\/","title":{"rendered":"Detienen a dos j\u00f3venes por feminicidio de Mariana Silva en La Laguna"},"content":{"rendered":"\n<p>jueves, 17 de noviembre de 2022<\/p>\n\n\n\n<p>Los inculpados fueron aprehendidos, durante la ma\u00f1ana de este 16 de noviembre de 2022, en Acu\u00f1a, Coahuila, y fueron trasladados al Cereso de Torre\u00f3n<br>Elementos de la Agencia de Investigaci\u00f3n Criminal cumplimentaron dos \u00f3rdenes de aprehensi\u00f3n en contra de Yunel y Juan David, por la probable responsabilidad del delito de feminicidio cometido en agravio de Mariana Silva Guerca, de 46 a\u00f1os de edad.<\/p>\n\n\n\n<p>Los inculpados fueron aprehendidos, durante la ma\u00f1ana de este 16 de noviembre de 2022, en Acu\u00f1a, Coahuila.<\/p>\n\n\n\n<p>Posteriormente elementos policiacos, los trasladaron al Cereso de Torre\u00f3n, donde esperaran que se les fije fecha y hora de la audiencia inicial.<\/p>\n\n\n\n<p>Los familiares de Mariana, la hab\u00edan reportado como desparecida desde el pasado 19 de septiembre en este mismo a\u00f1o y se interpuso la denuncia correspondiente ante Fiscal\u00eda de Personas Desaparecidas.<br>Las autoridades ministeriales establecieron que la \u00faltima vez que se tuvo contacto con la v\u00edctima, fue el pasado 19 de septiembre, cuando esta se encontraba en el domicilio del ejido L\u00e1zaro C\u00e1rdenas municipio de San Pedro de las Colonias, donde discuti\u00f3 con la hija de su pareja.<\/p>\n\n\n\n<p>Mariana fue privada de la vida e inhumada en el domicilio antes indicado, por parte de Yunel y Juan David.<\/p>\n\n\n\n<p>Tras los hechos, el agente del Ministerio P\u00fablico, solicit\u00f3 al Juez de Control el acto de investigaci\u00f3n consiste en cateo en dicho inmueble, lugar donde se logr\u00f3 localizar el cuerpo de Mariana, a la cual se le practic\u00f3 el protocolo de identificaci\u00f3n humana, lo que permiti\u00f3 establecer su identidad, por lo que se constat\u00f3 que se trataba de Mariana.<\/p>\n\n\n\n<p>Mariana fue encontrada tras dos meses desaparecida<br>Fue durante la noche del lunes 14 de noviembre que el cuerpo de Maariana Silva G\u00fcereca, de 46 a\u00f1os de edad, fue encontrado en una vivienda del ejido Dolores, municipio de San Pedro, Coahuila, presentando huellas visibles de violencia. Esto, despu\u00e9s de que se realizara un cateo en el domicilio en menci\u00f3n.<br>De acuerdo con lo informado por las autoridades, la mujer hab\u00eda sido vista por \u00faltima vez el 19 de septiembre y ten\u00eda ficha de desaparici\u00f3n desde el pasado 5 de octubre.<\/p>\n\n\n\n<p>Feminicida habr\u00eda confesado d\u00f3nde estaba el cuerpo<br>Asimismo, se supo que el presunto responsable del crimen, se entreg\u00f3 a las autoridades en Acu\u00f1a, Coahuila, y que habr\u00eda declarado donde estaba el cuerpo de la mujer, siendo este motivo por el que los elementos de la Fiscal\u00eda del \u00e1rea de Desaparecidos acudieron a catear la casa en el ejido Dolores donde encontraron enterrado el cuerpo ya en estado de descomposici\u00f3n.<\/p>\n\n\n\n<p>Cabe se\u00f1alar que, familiares de la occisa piden justicia y han mencionado a al menos tres personas del sexo masculino como los presuntos responsables del feminicidio. Pero las autoridades correspondientes ser\u00e1n las que determinen la causa de muerte y lleven a proceso al o los presuntos responsables.<\/p>\n","protected":false},"excerpt":{"rendered":"<p>jueves, 17 de noviembre de 2022 Los inculpados fueron aprehendidos, durante la ma\u00f1ana de este&#8230;<\/p>\n","protected":false},"author":3,"featured_media":0,"comment_status":"closed","ping_status":"closed","sticky":false,"template":"","format":"standard","meta":{"footnotes":""},"categories":[1],"tags":[],"class_list":["post-53042","post","type-post","status-publish","format-standard","hentry","category-uncategorized"],"_links":{"self":[{"href":"https:\/\/bambapolitica.com.mx\/index.php\/wp-json\/wp\/v2\/posts\/53042","targetHints":{"allow":["GET"]}}],"collection":[{"href":"https:\/\/bambapolitica.com.mx\/index.php\/wp-json\/wp\/v2\/posts"}],"about":[{"href":"https:\/\/bambapolitica.com.mx\/index.php\/wp-json\/wp\/v2\/types\/post"}],"author":[{"embeddable":true,"href":"https:\/\/bambapolitica.com.mx\/index.php\/wp-json\/wp\/v2\/users\/3"}],"replies":[{"embeddable":true,"href":"https:\/\/bambapolitica.com.mx\/index.php\/wp-json\/wp\/v2\/comments?post=53042"}],"version-history":[{"count":1,"href":"https:\/\/bambapolitica.com.mx\/index.php\/wp-json\/wp\/v2\/posts\/53042\/revisions"}],"predecessor-version":[{"id":53043,"href":"https:\/\/bambapolitica.com.mx\/index.php\/wp-json\/wp\/v2\/posts\/53042\/revisions\/53043"}],"wp:attachment":[{"href":"https:\/\/bambapolitica.com.mx\/index.php\/wp-json\/wp\/v2\/media?parent=53042"}],"wp:term":[{"taxonomy":"category","embeddable":true,"href":"https:\/\/bambapolitica.com.mx\/index.php\/wp-json\/wp\/v2\/categories?post=53042"},{"taxonomy":"post_tag","embeddable":true,"href":"https:\/\/bambapolitica.com.mx\/index.php\/wp-json\/wp\/v2\/tags?post=53042"}],"curies":[{"name":"wp","href":"https:\/\/api.w.org\/{rel}","templated":true}]}}