{"id":53047,"date":"2022-11-17T09:23:29","date_gmt":"2022-11-17T15:23:29","guid":{"rendered":"http:\/\/bambapolitica.com.mx\/?p=53047"},"modified":"2022-11-17T09:23:31","modified_gmt":"2022-11-17T15:23:31","slug":"amenaza-de-bomba-en-tamaulipas-ubican-a-presunto-responsable-de-llamada-falsa","status":"publish","type":"post","link":"https:\/\/bambapolitica.com.mx\/index.php\/2022\/11\/17\/amenaza-de-bomba-en-tamaulipas-ubican-a-presunto-responsable-de-llamada-falsa\/","title":{"rendered":"Amenaza de bomba en Tamaulipas: ubican a presunto responsable de llamada falsa"},"content":{"rendered":"\n<p>jueves, 17 de noviembre de 2022<\/p>\n\n\n\n<p>La Fiscal\u00eda inform\u00f3 que conoce tambi\u00e9n el lugar desde donde realizaron las llamadas.<br>Una de las personas que presuntamente realiz\u00f3 una llamada falsa alertando de una supuesta amenaza de bomba en Ciudad Victoria el pasado martes 15 de noviembre, fue identificada por la Fiscal\u00eda Estatal de Tamaulipas.<\/p>\n\n\n\n<p>El titular de la Fiscal\u00eda, Irving Barrios Mojica, inform\u00f3 que adem\u00e1s conocen el lugar de donde surgieron las llamadas y los mensajes.<\/p>\n\n\n\n<p>&#8220;La FGJ tiene ya identificado origen de llamadas, mensajes y a uno de los responsables de las falsas amenazas de riesgo a edificios p\u00fablicos de Ciudad Victoria. Esta conducta se castiga hasta con 7 a\u00f1os de prisi\u00f3n&#8221;.<\/p>\n","protected":false},"excerpt":{"rendered":"<p>jueves, 17 de noviembre de 2022 La Fiscal\u00eda inform\u00f3 que conoce tambi\u00e9n el lugar desde&#8230;<\/p>\n","protected":false},"author":3,"featured_media":53048,"comment_status":"closed","ping_status":"closed","sticky":false,"template":"","format":"standard","meta":{"footnotes":""},"categories":[2],"tags":[],"class_list":["post-53047","post","type-post","status-publish","format-standard","has-post-thumbnail","hentry","category-policiaca"],"_links":{"self":[{"href":"https:\/\/bambapolitica.com.mx\/index.php\/wp-json\/wp\/v2\/posts\/53047","targetHints":{"allow":["GET"]}}],"collection":[{"href":"https:\/\/bambapolitica.com.mx\/index.php\/wp-json\/wp\/v2\/posts"}],"about":[{"href":"https:\/\/bambapolitica.com.mx\/index.php\/wp-json\/wp\/v2\/types\/post"}],"author":[{"embeddable":true,"href":"https:\/\/bambapolitica.com.mx\/index.php\/wp-json\/wp\/v2\/users\/3"}],"replies":[{"embeddable":true,"href":"https:\/\/bambapolitica.com.mx\/index.php\/wp-json\/wp\/v2\/comments?post=53047"}],"version-history":[{"count":1,"href":"https:\/\/bambapolitica.com.mx\/index.php\/wp-json\/wp\/v2\/posts\/53047\/revisions"}],"predecessor-version":[{"id":53049,"href":"https:\/\/bambapolitica.com.mx\/index.php\/wp-json\/wp\/v2\/posts\/53047\/revisions\/53049"}],"wp:featuredmedia":[{"embeddable":true,"href":"https:\/\/bambapolitica.com.mx\/index.php\/wp-json\/wp\/v2\/media\/53048"}],"wp:attachment":[{"href":"https:\/\/bambapolitica.com.mx\/index.php\/wp-json\/wp\/v2\/media?parent=53047"}],"wp:term":[{"taxonomy":"category","embeddable":true,"href":"https:\/\/bambapolitica.com.mx\/index.php\/wp-json\/wp\/v2\/categories?post=53047"},{"taxonomy":"post_tag","embeddable":true,"href":"https:\/\/bambapolitica.com.mx\/index.php\/wp-json\/wp\/v2\/tags?post=53047"}],"curies":[{"name":"wp","href":"https:\/\/api.w.org\/{rel}","templated":true}]}}