{"id":53053,"date":"2022-11-17T09:34:48","date_gmt":"2022-11-17T15:34:48","guid":{"rendered":"http:\/\/bambapolitica.com.mx\/?p=53053"},"modified":"2022-11-17T09:34:49","modified_gmt":"2022-11-17T15:34:49","slug":"juan-ramon-de-la-fuente-urge-a-poner-fin-al-conflicto-entre-rusia-y-ucrania-tras-explosion-en-polonia","status":"publish","type":"post","link":"https:\/\/bambapolitica.com.mx\/index.php\/2022\/11\/17\/juan-ramon-de-la-fuente-urge-a-poner-fin-al-conflicto-entre-rusia-y-ucrania-tras-explosion-en-polonia\/","title":{"rendered":"Juan Ram\u00f3n de la Fuente urge a poner fin al conflicto entre Rusia y Ucrania tras explosi\u00f3n en Polonia"},"content":{"rendered":"\n<p>jueves, 17 de noviembre de 2022<\/p>\n\n\n\n<p>Juan Ram\u00f3n de la Fuente advirti\u00f3 que el incidente en Polonia es muestra de la posibilidad de que el conflicto escale<br>El embajador Juan Ram\u00f3n de la Fuente, representante permanente de M\u00e9xico ante la Organizaci\u00f3n de las Naciones Unidas (ONU), manifest\u00f3 que la explosi\u00f3n ocurrida en Polonia es \u201cgran preocupaci\u00f3n\u201d.<\/p>\n\n\n\n<p>En una intervenci\u00f3n en el Consejo de Seguridad de las Naciones Unidas, el diplom\u00e1tico manifest\u00f3 sus condolencias a los familiares de las v\u00edctimas.<br>El incidente nos recuerda que los riesgos de una expansi\u00f3n del conflicto son reales, y nos obliga a redoblar esfuerzos para encontrar pronto una salida diplom\u00e1tica que ponga fin al sufrimiento de la poblaci\u00f3n civil en toda la regi\u00f3n\u201d, expres\u00f3 De la Fuente Ram\u00edrez.<\/p>\n\n\n\n<p>El embajador mexicano resalt\u00f3 cuatro puntos:<\/p>\n\n\n\n<p>La situaci\u00f3n humanitaria: La destrucci\u00f3n de infraestructura el\u00e9ctrica y el inicio del invierno, que pone en riesgo la salud y la vida de los ucranianos; adem\u00e1s del da\u00f1o a la salud mental de la poblaci\u00f3n.<br>La seguridad nuclear: La situaci\u00f3n en la planta nuclear de Zaporiyia sigue siendo motivo de preocupaci\u00f3n, donde es necesario que se establezca una zona de protecci\u00f3n y seguridad.<br>La iniciativa de granos del Mar Negro: Es fundamental que contin\u00fae y se implemente el acuerdo suscrito para facilitar el acceso a los mercados globales de productos alimentarios y fertilizantes rusos.<br>Investigaciones internacionales: Quienes hayan cometido cr\u00edmenes en el conflicto deber\u00e1n responder ante la justicia.<\/p>\n","protected":false},"excerpt":{"rendered":"<p>jueves, 17 de noviembre de 2022 Juan Ram\u00f3n de la Fuente advirti\u00f3 que el incidente&#8230;<\/p>\n","protected":false},"author":3,"featured_media":53054,"comment_status":"closed","ping_status":"closed","sticky":false,"template":"","format":"standard","meta":{"footnotes":""},"categories":[5],"tags":[],"class_list":["post-53053","post","type-post","status-publish","format-standard","has-post-thumbnail","hentry","category-internacional"],"_links":{"self":[{"href":"https:\/\/bambapolitica.com.mx\/index.php\/wp-json\/wp\/v2\/posts\/53053","targetHints":{"allow":["GET"]}}],"collection":[{"href":"https:\/\/bambapolitica.com.mx\/index.php\/wp-json\/wp\/v2\/posts"}],"about":[{"href":"https:\/\/bambapolitica.com.mx\/index.php\/wp-json\/wp\/v2\/types\/post"}],"author":[{"embeddable":true,"href":"https:\/\/bambapolitica.com.mx\/index.php\/wp-json\/wp\/v2\/users\/3"}],"replies":[{"embeddable":true,"href":"https:\/\/bambapolitica.com.mx\/index.php\/wp-json\/wp\/v2\/comments?post=53053"}],"version-history":[{"count":1,"href":"https:\/\/bambapolitica.com.mx\/index.php\/wp-json\/wp\/v2\/posts\/53053\/revisions"}],"predecessor-version":[{"id":53055,"href":"https:\/\/bambapolitica.com.mx\/index.php\/wp-json\/wp\/v2\/posts\/53053\/revisions\/53055"}],"wp:featuredmedia":[{"embeddable":true,"href":"https:\/\/bambapolitica.com.mx\/index.php\/wp-json\/wp\/v2\/media\/53054"}],"wp:attachment":[{"href":"https:\/\/bambapolitica.com.mx\/index.php\/wp-json\/wp\/v2\/media?parent=53053"}],"wp:term":[{"taxonomy":"category","embeddable":true,"href":"https:\/\/bambapolitica.com.mx\/index.php\/wp-json\/wp\/v2\/categories?post=53053"},{"taxonomy":"post_tag","embeddable":true,"href":"https:\/\/bambapolitica.com.mx\/index.php\/wp-json\/wp\/v2\/tags?post=53053"}],"curies":[{"name":"wp","href":"https:\/\/api.w.org\/{rel}","templated":true}]}}