{"id":53141,"date":"2022-11-18T10:04:03","date_gmt":"2022-11-18T16:04:03","guid":{"rendered":"http:\/\/bambapolitica.com.mx\/?p=53141"},"modified":"2022-11-18T10:04:05","modified_gmt":"2022-11-18T16:04:05","slug":"lopez-obrador-ve-racismo-en-intentos-de-destituir-al-presidente-de-peru","status":"publish","type":"post","link":"https:\/\/bambapolitica.com.mx\/index.php\/2022\/11\/18\/lopez-obrador-ve-racismo-en-intentos-de-destituir-al-presidente-de-peru\/","title":{"rendered":"L\u00f3pez Obrador ve \u201cracismo\u201d en intentos de destituir al presidente de Per\u00fa"},"content":{"rendered":"\n<p>viernes, 18 de noviembre de 2022<\/p>\n\n\n\n<p>L\u00f3pez Obrador sali\u00f3 en defensa del presidente de Per\u00fa, Pedro Castillo, de quien dijo que hay un intento de \u201cconservadores\u201d para destituirlo<br>El presidente mexicano, Andr\u00e9s Manuel L\u00f3pez Obrador, consider\u00f3 este jueves que hay \u201cracismo\u201d detr\u00e1s del intento de la \u201c\u00e9lite\u201d y los \u201cconservadores\u201d para destituir al mandatario de Per\u00fa, el izquierdista Pedro Castillo.<\/p>\n\n\n\n<p>A ellos lo que les interesa son sus privilegios, y sobre todo el privilegio de mandar, y m\u00e1s en este caso que lo consideran de la sierra, se le a\u00f1ade el racismo, entonces no lo quieren\u201d, declar\u00f3 el mandatario en su rueda de prensa matutina.<\/p>\n\n\n\n<p>L\u00f3pez Obrador ya hab\u00eda dicho brevemente el martes que los conservadores intentan \u201csacar\u201d a Castillo por considerarlo un \u201cnaco\u201d y \u201ccholo\u201d, expresiones despectivas en M\u00e9xico y Per\u00fa, respectivamente, para referirse a personas morenas de bajos ingresos.<\/p>\n\n\n\n<p>\u201cImag\u00ednense el presidente de Per\u00fa, lleva, creo yo en un a\u00f1o, tres juicios pol\u00edticos, uno acus\u00e1ndolo de estar mal de sus facultades, de loco. Otro acus\u00e1ndolo de delincuencia. Y este \u00faltimo, ya el extremo, de que se corre el riesgo con \u00e9l de que pueda darle la salida al mar a Bolivia\u201d, ahond\u00f3 este jueves.<\/p>\n\n\n\n<p>Sus declaraciones se producen despu\u00e9s de que el parlamento peruano admiti\u00f3 este mi\u00e9rcoles a tr\u00e1mite la denuncia constitucional que la Fiscal\u00eda present\u00f3 contra Castillo por organizaci\u00f3n criminal, tr\u00e1fico de influencias y colusi\u00f3n.<\/p>\n\n\n\n<p>Los procesos contra Castillo han profundizado la crisis pol\u00edtica de Per\u00fa, que ha tenido cinco presidentes diferentes desde 2016.<\/p>\n\n\n\n<p>L\u00f3pez Obrador opin\u00f3 sobre el pa\u00eds sudamericano mientras argumentaba que sus opositores en M\u00e9xico quisieran tener la mayor\u00eda en el Congreso para hacer algo similar contra su Gobierno.<\/p>\n\n\n\n<p>\u201cComo no tiene mayor\u00eda (Castillo), ah\u00ed est\u00e1 sin poder hacer nada, y al conservadurismo, a la \u00e9lite, no le importa que se paralice, que se afecte todo un pa\u00eds\u201d, apunt\u00f3.<\/p>\n","protected":false},"excerpt":{"rendered":"<p>viernes, 18 de noviembre de 2022 L\u00f3pez Obrador sali\u00f3 en defensa del presidente de Per\u00fa,&#8230;<\/p>\n","protected":false},"author":3,"featured_media":53142,"comment_status":"closed","ping_status":"closed","sticky":false,"template":"","format":"standard","meta":{"footnotes":""},"categories":[5],"tags":[],"class_list":["post-53141","post","type-post","status-publish","format-standard","has-post-thumbnail","hentry","category-internacional"],"_links":{"self":[{"href":"https:\/\/bambapolitica.com.mx\/index.php\/wp-json\/wp\/v2\/posts\/53141","targetHints":{"allow":["GET"]}}],"collection":[{"href":"https:\/\/bambapolitica.com.mx\/index.php\/wp-json\/wp\/v2\/posts"}],"about":[{"href":"https:\/\/bambapolitica.com.mx\/index.php\/wp-json\/wp\/v2\/types\/post"}],"author":[{"embeddable":true,"href":"https:\/\/bambapolitica.com.mx\/index.php\/wp-json\/wp\/v2\/users\/3"}],"replies":[{"embeddable":true,"href":"https:\/\/bambapolitica.com.mx\/index.php\/wp-json\/wp\/v2\/comments?post=53141"}],"version-history":[{"count":1,"href":"https:\/\/bambapolitica.com.mx\/index.php\/wp-json\/wp\/v2\/posts\/53141\/revisions"}],"predecessor-version":[{"id":53143,"href":"https:\/\/bambapolitica.com.mx\/index.php\/wp-json\/wp\/v2\/posts\/53141\/revisions\/53143"}],"wp:featuredmedia":[{"embeddable":true,"href":"https:\/\/bambapolitica.com.mx\/index.php\/wp-json\/wp\/v2\/media\/53142"}],"wp:attachment":[{"href":"https:\/\/bambapolitica.com.mx\/index.php\/wp-json\/wp\/v2\/media?parent=53141"}],"wp:term":[{"taxonomy":"category","embeddable":true,"href":"https:\/\/bambapolitica.com.mx\/index.php\/wp-json\/wp\/v2\/categories?post=53141"},{"taxonomy":"post_tag","embeddable":true,"href":"https:\/\/bambapolitica.com.mx\/index.php\/wp-json\/wp\/v2\/tags?post=53141"}],"curies":[{"name":"wp","href":"https:\/\/api.w.org\/{rel}","templated":true}]}}