{"id":53150,"date":"2022-11-22T08:05:46","date_gmt":"2022-11-22T14:05:46","guid":{"rendered":"http:\/\/bambapolitica.com.mx\/?p=53150"},"modified":"2022-11-22T08:05:50","modified_gmt":"2022-11-22T14:05:50","slug":"exportacion-de-autos-nuevos-incrementa-12-desde-el-puerto-de-altamira","status":"publish","type":"post","link":"https:\/\/bambapolitica.com.mx\/index.php\/2022\/11\/22\/exportacion-de-autos-nuevos-incrementa-12-desde-el-puerto-de-altamira\/","title":{"rendered":"Exportaci\u00f3n de autos nuevos incrementa 12% desde el Puerto de Altamira"},"content":{"rendered":"\n<p>martes, 22 de noviembre de 2022<\/p>\n\n\n\n<p>La Coordinaci\u00f3n de Puertos y Marina Mercante de la Secretar\u00eda de Marina, mencion\u00f3 que el punto mar\u00edtimo en Tamaulipas acumula en diez meses 17.2 millones de toneladas.<br>La exportaci\u00f3n de autos nuevos como los fluidos cuentan con un crecimiento en el puerto de Altamira durante el presente a\u00f1o. Al cierre del mes de octubre, son las l\u00edneas de negocio que registran n\u00fameros positivos, en tanto en el resto hay reducciones y se reflejan en el total general, con una baja de 6.4 por ciento anual.<\/p>\n\n\n\n<p>La Coordinaci\u00f3n de Puertos y Marina Mercante de la Secretar\u00eda de Marina, mencion\u00f3 que el punto mar\u00edtimo en Tamaulipas acumula en diez meses 17.2 millones de toneladas, cifra por debajo de lo obtenido en el 2021, cuando se contabilizaban 18.4 millones de toneladas. La afectaci\u00f3n se encuentra principalmente en la carga contenerizada.<br>En el tema de los fluidos, el crecimiento apenas alcanza para el 0.7 por ciento, a trav\u00e9s de las m\u00e1s de 3 millones de toneladas, ligeramente por encima del mismo ciclo del a\u00f1o anterior. Est\u00e1 mercanc\u00eda es utilizada particularmente para las empresas del ramo petroqu\u00edmico, al distribuirse en los complejos que se ubican en el corredor industrial.<\/p>\n\n\n\n<p>El movimiento m\u00e1s importante est\u00e1 en el tema de los autom\u00f3viles. Las terminales encargadas de la salida de los veh\u00edculos nuevos, fabricados en plantas del pa\u00eds, se encuentra 12 por ciento encima de lo establecido con antelaci\u00f3n, a trav\u00e9s de las 278 mil 310 unidades, la mayor\u00eda de exportaci\u00f3n. Con esto, es el tercer puerto de mayor flujo, detr\u00e1s de L\u00e1zaro C\u00e1rdenas y Veracruz, aunque al \u00faltimo lo supera por el crecimiento.<\/p>\n\n\n\n<p>N\u00fameros negativos<\/p>\n\n\n\n<p>El panorama luce totalmente contrario en otros tipos de carga, como la contenerizada al encontrarse 10 por ciento de ca\u00edda con las 6 millones de toneladas. El a\u00f1o anterior alcanzaba para esta fecha 6.7 millones de toneladas. Un segundo caso se detect\u00f3 en la carga granel agr\u00edcola, con 835 mil toneladas y la reducci\u00f3n de 7.8 por ciento de manera anual.<\/p>\n\n\n\n<p>La misma situaci\u00f3n se registra en la carga granel mineral. Si bien ya supera los 4 millones de toneladas, en el balance est\u00e1 6.6 por debajo de la meta del 2021. Para cerrar, la carga general suelta registra 3.2 millones de toneladas, sin embargo, el d\u00e9ficit es de casi 5 por ciento.<\/p>\n\n\n\n<p>Altamira es el quinto puerto a nivel nacional con mayor participaci\u00f3n para el comercio exterior de M\u00e9xico v\u00eda el mar. Se coloca por debajo de Manzanillo, Veracruz, Coatzacoalcos y L\u00e1zaro C\u00e1rdenas.<\/p>\n","protected":false},"excerpt":{"rendered":"<p>martes, 22 de noviembre de 2022 La Coordinaci\u00f3n de Puertos y Marina Mercante de la&#8230;<\/p>\n","protected":false},"author":3,"featured_media":53151,"comment_status":"closed","ping_status":"closed","sticky":false,"template":"","format":"standard","meta":{"footnotes":""},"categories":[4],"tags":[],"class_list":["post-53150","post","type-post","status-publish","format-standard","has-post-thumbnail","hentry","category-noticias-del-dia"],"_links":{"self":[{"href":"https:\/\/bambapolitica.com.mx\/index.php\/wp-json\/wp\/v2\/posts\/53150","targetHints":{"allow":["GET"]}}],"collection":[{"href":"https:\/\/bambapolitica.com.mx\/index.php\/wp-json\/wp\/v2\/posts"}],"about":[{"href":"https:\/\/bambapolitica.com.mx\/index.php\/wp-json\/wp\/v2\/types\/post"}],"author":[{"embeddable":true,"href":"https:\/\/bambapolitica.com.mx\/index.php\/wp-json\/wp\/v2\/users\/3"}],"replies":[{"embeddable":true,"href":"https:\/\/bambapolitica.com.mx\/index.php\/wp-json\/wp\/v2\/comments?post=53150"}],"version-history":[{"count":1,"href":"https:\/\/bambapolitica.com.mx\/index.php\/wp-json\/wp\/v2\/posts\/53150\/revisions"}],"predecessor-version":[{"id":53152,"href":"https:\/\/bambapolitica.com.mx\/index.php\/wp-json\/wp\/v2\/posts\/53150\/revisions\/53152"}],"wp:featuredmedia":[{"embeddable":true,"href":"https:\/\/bambapolitica.com.mx\/index.php\/wp-json\/wp\/v2\/media\/53151"}],"wp:attachment":[{"href":"https:\/\/bambapolitica.com.mx\/index.php\/wp-json\/wp\/v2\/media?parent=53150"}],"wp:term":[{"taxonomy":"category","embeddable":true,"href":"https:\/\/bambapolitica.com.mx\/index.php\/wp-json\/wp\/v2\/categories?post=53150"},{"taxonomy":"post_tag","embeddable":true,"href":"https:\/\/bambapolitica.com.mx\/index.php\/wp-json\/wp\/v2\/tags?post=53150"}],"curies":[{"name":"wp","href":"https:\/\/api.w.org\/{rel}","templated":true}]}}