{"id":53153,"date":"2022-11-22T08:14:08","date_gmt":"2022-11-22T14:14:08","guid":{"rendered":"http:\/\/bambapolitica.com.mx\/?p=53153"},"modified":"2022-11-22T08:14:11","modified_gmt":"2022-11-22T14:14:11","slug":"aguacateros-mexicanos-abren-mercado-en-qatar-con-mundial","status":"publish","type":"post","link":"https:\/\/bambapolitica.com.mx\/index.php\/2022\/11\/22\/aguacateros-mexicanos-abren-mercado-en-qatar-con-mundial\/","title":{"rendered":"Aguacateros mexicanos abren mercado en Qatar con Mundial"},"content":{"rendered":"\n<p>martes, 22 de noviembre de 2022<\/p>\n\n\n\n<p>La empresa David\u00b4s Avocados con apoyo de la Secretar\u00eda de Relaciones Exteriores conquist\u00f3 el mercado catar\u00ed por primera vez, algo que esperan sea habitual.<br>El Mundial Qatar 2022 trajo consigo una oportunidad para que la empresa de aguacates mexicanos David\u2019s Avocados pudiera ganar terreno en Medio Oriente al exportar su primer cargamento a la naci\u00f3n anfitriona sin intermediarios extranjeros.<\/p>\n\n\n\n<p>Juan Pablo L\u00f3pez, director general de la compa\u00f1\u00eda, destac\u00f3 que este primer env\u00edo fue de prueba y con ayuda de la Secretar\u00eda de Relaciones Exteriores (SRE), el Centro de Negocios M\u00e9xico-Qatar y Corporativo La Vi\u00f1a, un intermediario comercial mexicano de alimentos.<\/p>\n\n\n\n<p>El env\u00edo const\u00f3 de cuatro tarimas, que son aproximadamente tres toneladas de aguacate producido en Tac\u00e1mbaro, Michoac\u00e1n; aunque es relativamente peque\u00f1a la carga, esperan elevar los env\u00edos de producto a ese pa\u00eds, pero esto depender\u00e1 de la demanda.<\/p>\n\n\n\n<p>\u201cEl gobierno federal nos ayud\u00f3 aprovechando acuerdos comerciales y el contexto del Mundial (\u2026) Nuestra intenci\u00f3n si es promover el aguacate en Qatar 1 o 2 veces por semana, actualmente estamos buscando cubrir la demanda del mercado\u201d, explic\u00f3.<\/p>\n\n\n\n<p>David\u2019s Avocados exporta hasta 30 por ciento de su producci\u00f3n a pa\u00edses de Medio Oriente, como Emiratos \u00c1rabes Unidos, Bar\u00e9in y Kuwait; ahora esperan mantener y elevar sus env\u00edos a Qatar.<\/p>\n\n\n\n<p>El director de la firma resalt\u00f3 la importancia que tiene este nuevo mercado, pues a pesar de que Estados Unidos es el principal destino para los aguacateros nacionales, Medio Oriente es una zona con demanda creciente y en auge.<\/p>\n\n\n\n<p>\u201cActualmente los mercados de esa zona tienen demanda creciente (\u2026) adem\u00e1s en otros pa\u00edses como Estados Unidos o Europa ya est\u00e1n bastante competidos cuando se enfrenta a cargamentos de Per\u00fa e incluso Chile\u201d, detall\u00f3 Francisco Daniel Maldonado, agente de ventas de la empresa.<\/p>\n\n\n\n<p>Ignacio Peregrin, representante del Centro de Negocios M\u00e9xico-Qatar, quien tambi\u00e9n estuvo involucrado en el proceso, explic\u00f3 que la SRE tuvo un gran acierto por hacer acuerdos comerciales con este pa\u00eds \u201cpara fortalecer los lasos econ\u00f3micos y facilitar m\u00e1s a los productores poder enviar su producto all\u00e1\u201d.<\/p>\n\n\n\n<p>\u201cEn Qatar se necesita una especie de permiso que se llama Jalal, pero solo es con animales vivos, no con frutas y verduras, entonces eso facilit\u00f3 mucho la experiencia\u201d, explic\u00f3.<\/p>\n\n\n\n<p>En la inauguraci\u00f3n del Centro M\u00e9xico Qatar 2022 en Doha, el canciller Marcelo Ebrard destac\u00f3 la importancia del alimento para los mexicanos, al se\u00f1alar que \u201c\u00bfc\u00f3mo vamos a ir a un Mundial sin guacamole?\u201d.<\/p>\n\n\n\n<p>\u201cPrimeros aguacates que llegaron a Doha entre 3 toneladas provenientes de Michoac\u00e1n. Felicito a todos quienes hicieron posible esta presencia mexicana de car\u00e1cter permanente en Qatar\u201d, dijo en su cuenta de Twitter.<\/p>\n\n\n\n<p>En un comunicado, la SRE afirm\u00f3 que esta exportaci\u00f3n representa la apertura en la relaci\u00f3n comercial M\u00e9xico-Qatar; \u201cse esperan importaciones semanales de 15 toneladas a partir de la \u00faltima semana de noviembre\u201d.<\/p>\n\n\n\n<p>Aguacate tendr\u00e1 larga presencia en Qatar<\/p>\n\n\n\n<p>Alfredo Ortega, tambi\u00e9n representante del Centro de Negocios M\u00e9xico-Qatar, dijo que esto no solo ser\u00e1 por el Mundial de futbol, sino que buscan concretar la presencia del aguacate mexicano.<\/p>\n\n\n\n<p>\u201cEstamos pensando en poder concretar y abrir esta ruta comercial empezando con David\u2019s Avocados y Corporativo La Vi\u00f1a, pero sin duda queremos m\u00e1s como el aguacate congelado (\u2026) el tema de la log\u00edstica v\u00eda a\u00e9rea encarece un poco los gastos de gesti\u00f3n, pero nosotros podr\u00edamos resolver esto en las v\u00edas mar\u00edtimas\u201d, asever\u00f3.<\/p>\n\n\n\n<p>Ortega resalt\u00f3 que con este y otros proyectos de exportaci\u00f3n que tienen, como una feria en Dub\u00e1i el pr\u00f3ximo a\u00f1o, esperan poner el nombre de Michoac\u00e1n en alto y borrar la imagen de inseguridad en el Estado.<\/p>\n","protected":false},"excerpt":{"rendered":"<p>martes, 22 de noviembre de 2022 La empresa David\u00b4s Avocados con apoyo de la Secretar\u00eda&#8230;<\/p>\n","protected":false},"author":3,"featured_media":53154,"comment_status":"closed","ping_status":"closed","sticky":false,"template":"","format":"standard","meta":{"footnotes":""},"categories":[4],"tags":[],"class_list":["post-53153","post","type-post","status-publish","format-standard","has-post-thumbnail","hentry","category-noticias-del-dia"],"_links":{"self":[{"href":"https:\/\/bambapolitica.com.mx\/index.php\/wp-json\/wp\/v2\/posts\/53153","targetHints":{"allow":["GET"]}}],"collection":[{"href":"https:\/\/bambapolitica.com.mx\/index.php\/wp-json\/wp\/v2\/posts"}],"about":[{"href":"https:\/\/bambapolitica.com.mx\/index.php\/wp-json\/wp\/v2\/types\/post"}],"author":[{"embeddable":true,"href":"https:\/\/bambapolitica.com.mx\/index.php\/wp-json\/wp\/v2\/users\/3"}],"replies":[{"embeddable":true,"href":"https:\/\/bambapolitica.com.mx\/index.php\/wp-json\/wp\/v2\/comments?post=53153"}],"version-history":[{"count":1,"href":"https:\/\/bambapolitica.com.mx\/index.php\/wp-json\/wp\/v2\/posts\/53153\/revisions"}],"predecessor-version":[{"id":53155,"href":"https:\/\/bambapolitica.com.mx\/index.php\/wp-json\/wp\/v2\/posts\/53153\/revisions\/53155"}],"wp:featuredmedia":[{"embeddable":true,"href":"https:\/\/bambapolitica.com.mx\/index.php\/wp-json\/wp\/v2\/media\/53154"}],"wp:attachment":[{"href":"https:\/\/bambapolitica.com.mx\/index.php\/wp-json\/wp\/v2\/media?parent=53153"}],"wp:term":[{"taxonomy":"category","embeddable":true,"href":"https:\/\/bambapolitica.com.mx\/index.php\/wp-json\/wp\/v2\/categories?post=53153"},{"taxonomy":"post_tag","embeddable":true,"href":"https:\/\/bambapolitica.com.mx\/index.php\/wp-json\/wp\/v2\/tags?post=53153"}],"curies":[{"name":"wp","href":"https:\/\/api.w.org\/{rel}","templated":true}]}}