{"id":53159,"date":"2022-11-22T08:21:36","date_gmt":"2022-11-22T14:21:36","guid":{"rendered":"http:\/\/bambapolitica.com.mx\/?p=53159"},"modified":"2022-11-22T08:21:39","modified_gmt":"2022-11-22T14:21:39","slug":"lopez-obrador-condena-crimenes-de-odio-contra-comunidad-lgbt","status":"publish","type":"post","link":"https:\/\/bambapolitica.com.mx\/index.php\/2022\/11\/22\/lopez-obrador-condena-crimenes-de-odio-contra-comunidad-lgbt\/","title":{"rendered":"L\u00f3pez Obrador condena cr\u00edmenes de odio contra comunidad LGBT"},"content":{"rendered":"\n<p>martes, 22 de noviembre de 2022<\/p>\n\n\n\n<p>L\u00f3pez Obrador se manifest\u00f3 contra los agravios y cr\u00edmenes de odio hacia la comunidad LGBT, para los cuales prometi\u00f3 cero impunidad<br>El presidente Andr\u00e9s Manuel L\u00f3pez Obrador conden\u00f3 la ola reciente de cr\u00edmenes de odio contra la comunidad LGBT al denunciar que, detr\u00e1s de ellos, est\u00e1 la ideolog\u00eda del conservadurismo.<\/p>\n\n\n\n<p>\u201cNosotros estamos en contra de los agravios y desde luego de los cr\u00edmenes de odio, estamos constantemente protegiendo a todos los ciudadanos y son acciones ilegales, de car\u00e1cter autoritario, de gente de malas entra\u00f1as, irrespetuosos\u201d, manifest\u00f3 en Palacio Nacional.<\/p>\n\n\n\n<p>En su rueda de prensa diaria, un periodista pregunt\u00f3 a L\u00f3pez Obrador sobre un crimen de odio en el que un grupo de 10 sujetos golpearon a una pareja homosexual en una taquer\u00eda en Polanco, un barrio de clase alta de Ciudad de M\u00e9xico.<\/p>\n\n\n\n<p>El ataque ha encendido alertas de organizaciones como el Observatorio Nacional de Cr\u00edmenes de Odio LGBT, que ha documentado 25 asesinatos y ocho desapariciones de esta comunidad en lo que va del a\u00f1o.<\/p>\n\n\n\n<p>\u201cNosotros tenemos que garantizar la libertad a todos y reprobamos estos actos y se castigan, en todos los casos, no hay delitos que no se castiguen porque no hay impunidad\u201d, sostuvo el mandatario.<\/p>\n\n\n\n<p>L\u00f3pez Obrador, quien antes ha recibido cr\u00edticas de grupos progresistas por mostrar ambivalencia respeto a la comunidad LGBT, ahora prometi\u00f3 castigar los hechos.<\/p>\n\n\n\n<p>Adem\u00e1s, se diferenci\u00f3 de los pol\u00edticos de derecha y conservadores.<\/p>\n\n\n\n<p>\u201cNo aceptamos la impunidad y lo vamos a seguir haciendo, es una postura muy clara, en el conservadurismo, ofrezco disculpas por insistir, pero son muy autoritarios, en este aspecto y en otros, son partidarios de razias, no respetan la diversidad sexual, esa es una caracter\u00edstica del conservadurismo\u201d, dijo.<\/p>\n\n\n\n<p>M\u00e9xico es considerado el segundo pa\u00eds de Latinoam\u00e9rica con m\u00e1s violencia por homofobia y transfobia, despu\u00e9s de Brasil, seg\u00fan el Observatorio Nacional de Cr\u00edmenes de Odio LGBT de la Fundaci\u00f3n Arco\u00edris.<\/p>\n\n\n\n<p>A\u00fan as\u00ed, la poblaci\u00f3n que se reconoce como LGBTI+ asciende a 5 millones de personas en M\u00e9xico, donde est\u00e1 prohibida la discriminaci\u00f3n por \u201cpreferencia sexual\u201d en la Constituci\u00f3n.<\/p>\n\n\n\n<p>\u201cNosotros tenemos en M\u00e9xico que seguir combatiendo el racismo, el clasismo, la discriminaci\u00f3n y les voy a dar una buena noticia, vamos avanzando, vamos ganando en ese proceso\u201d, declar\u00f3 L\u00f3pez Obrador.<\/p>\n\n\n\n<p>El gobernante mexicano aprovech\u00f3 para cuestionar a otros mandatarios de derechas y conservadores.<\/p>\n\n\n\n<p>\u201cHay dirigentes a nivel mundial de derecha que se han atrevido a declarar que ellos no aceptar\u00edan a un hijo homosexual, imag\u00ednense el atraso de ese pensamiento conservador, si esto lo declara un dirigente mundial, pues c\u00f3mo est\u00e1 el pensamiento conservador en todos lados\u201d, coment\u00f3.<\/p>\n","protected":false},"excerpt":{"rendered":"<p>martes, 22 de noviembre de 2022 L\u00f3pez Obrador se manifest\u00f3 contra los agravios y cr\u00edmenes&#8230;<\/p>\n","protected":false},"author":3,"featured_media":53160,"comment_status":"closed","ping_status":"closed","sticky":false,"template":"","format":"standard","meta":{"footnotes":""},"categories":[4],"tags":[],"class_list":["post-53159","post","type-post","status-publish","format-standard","has-post-thumbnail","hentry","category-noticias-del-dia"],"_links":{"self":[{"href":"https:\/\/bambapolitica.com.mx\/index.php\/wp-json\/wp\/v2\/posts\/53159","targetHints":{"allow":["GET"]}}],"collection":[{"href":"https:\/\/bambapolitica.com.mx\/index.php\/wp-json\/wp\/v2\/posts"}],"about":[{"href":"https:\/\/bambapolitica.com.mx\/index.php\/wp-json\/wp\/v2\/types\/post"}],"author":[{"embeddable":true,"href":"https:\/\/bambapolitica.com.mx\/index.php\/wp-json\/wp\/v2\/users\/3"}],"replies":[{"embeddable":true,"href":"https:\/\/bambapolitica.com.mx\/index.php\/wp-json\/wp\/v2\/comments?post=53159"}],"version-history":[{"count":1,"href":"https:\/\/bambapolitica.com.mx\/index.php\/wp-json\/wp\/v2\/posts\/53159\/revisions"}],"predecessor-version":[{"id":53161,"href":"https:\/\/bambapolitica.com.mx\/index.php\/wp-json\/wp\/v2\/posts\/53159\/revisions\/53161"}],"wp:featuredmedia":[{"embeddable":true,"href":"https:\/\/bambapolitica.com.mx\/index.php\/wp-json\/wp\/v2\/media\/53160"}],"wp:attachment":[{"href":"https:\/\/bambapolitica.com.mx\/index.php\/wp-json\/wp\/v2\/media?parent=53159"}],"wp:term":[{"taxonomy":"category","embeddable":true,"href":"https:\/\/bambapolitica.com.mx\/index.php\/wp-json\/wp\/v2\/categories?post=53159"},{"taxonomy":"post_tag","embeddable":true,"href":"https:\/\/bambapolitica.com.mx\/index.php\/wp-json\/wp\/v2\/tags?post=53159"}],"curies":[{"name":"wp","href":"https:\/\/api.w.org\/{rel}","templated":true}]}}