{"id":53162,"date":"2022-11-22T08:26:42","date_gmt":"2022-11-22T14:26:42","guid":{"rendered":"http:\/\/bambapolitica.com.mx\/?p=53162"},"modified":"2022-11-22T08:26:45","modified_gmt":"2022-11-22T14:26:45","slug":"preve-gem-un-presupuesto-de-356-mil-mdp-para-el-2023","status":"publish","type":"post","link":"https:\/\/bambapolitica.com.mx\/index.php\/2022\/11\/22\/preve-gem-un-presupuesto-de-356-mil-mdp-para-el-2023\/","title":{"rendered":"Prev\u00e9 GEM un presupuesto de 356 mil mdp para el 2023"},"content":{"rendered":"\n<p>martes, 22 de noviembre de 2022<\/p>\n\n\n\n<p>Contempla un presupuesto de egresos de 356 mil 817millones de pesos.<\/p>\n\n\n\n<p>El gobernador del Estado de M\u00e9xico, Alfredo del Mazo Maza, env\u00edo a la Legislatura mexiquense su propuesta de paquete fiscal para el 2023, donde contempla un presupuesto de egresos de 356 mil 817millones de pesos, el cual representa un incremento de 10.8 por ciento en t\u00e9rminos nominales y 2.6 en t\u00e9rminos reales, con respecto al que se manej\u00f3 este a\u00f1o. <\/p>\n\n\n\n<p>El secretario de Finanzas, Rodrigo Jarque Lira, inform\u00f3 que no habr\u00e1 nuevos impuestos y seis de cada diez pesos se destinar\u00e1 a los rubros de educaci\u00f3n, salud y combate a la pobreza, con un presupuesto similar para los programas de desarrollo social en el siguiente ejercicio fiscal. Indic\u00f3 que en esta ocasi\u00f3n disminuyen en 70 por ciento sus requerimientos de financiamiento y solo pedir\u00e1n a la Legislatura autorizaci\u00f3n para contratar mil 500 millones de pesos de deuda, con el fin de atender necesidades del Poder Judicial y el Poder Legislativo. Dio a conocer qu\u00e9 har\u00e1n mayores esfuerzos recaudatorios y aumentar\u00e1n los ingresos propios en 6.6 por ciento en t\u00e9rminos reales, con la inclusi\u00f3n de subsidio en el impuesto sobre n\u00f3mina para las jefas de familia, quienes quedar\u00e1n exentos de este pago cuando tengan de 2 a 3 trabajadores. <\/p>\n\n\n\n<p>Durante la entrega de la propuesta de Ley de Ingresos, Egresos, C\u00f3digo Financiero y Ley Municipal, asegur\u00f3 que est\u00e1n cumpliendo en tiempo y en forma con la entrega de la propuesta, con responsabilidad, disciplina financiera y vocaci\u00f3n social, as\u00ed como austeridad y eficiencia en el gasto p\u00fablico, para dar mejores resultados durante el siguiente a\u00f1o. Sostuvo que fue necesario un impulsar al ISSEMyM para que pueda cumplir con sus obligaciones financieras durante el 2023, mientras se define el tema de la reforma para darle viabilidad a largo plazo. Continuar\u00e1n los proyectos de infraestructura y movilidad, desarrollo urbano y obra que est\u00e1n en marcha. La entrega del paquete se llev\u00f3 a cabo interior de la sede del Poder Legislativo, en presencia de quienes integran la Junta de Coordinaci\u00f3n Pol\u00edtica, as\u00ed como el presidente en turno de la Legislatura, Enrique Jacob, qui\u00e9n anunci\u00f3 que el an\u00e1lisis, dictaminaci\u00f3n y resoluci\u00f3n del paquete fiscal se llevar\u00e1 a cabo en t\u00e9rminos de la Constituci\u00f3n. El presidente de la Jucopo, Maurilio Hern\u00e1ndez, adelanto que las iniciativas ser\u00e1n analizadas con detenimiento, cuidando los intereses econ\u00f3micos de los mexiquenses, favoreciendo las finanzas sanas, a la poblaci\u00f3n m\u00e1s vulnerable, a trav\u00e9s de medidas de austeridad y optimizaci\u00f3n de los recursos.<\/p>\n","protected":false},"excerpt":{"rendered":"<p>martes, 22 de noviembre de 2022 Contempla un presupuesto de egresos de 356 mil 817millones&#8230;<\/p>\n","protected":false},"author":3,"featured_media":53163,"comment_status":"closed","ping_status":"closed","sticky":false,"template":"","format":"standard","meta":{"footnotes":""},"categories":[4],"tags":[],"class_list":["post-53162","post","type-post","status-publish","format-standard","has-post-thumbnail","hentry","category-noticias-del-dia"],"_links":{"self":[{"href":"https:\/\/bambapolitica.com.mx\/index.php\/wp-json\/wp\/v2\/posts\/53162","targetHints":{"allow":["GET"]}}],"collection":[{"href":"https:\/\/bambapolitica.com.mx\/index.php\/wp-json\/wp\/v2\/posts"}],"about":[{"href":"https:\/\/bambapolitica.com.mx\/index.php\/wp-json\/wp\/v2\/types\/post"}],"author":[{"embeddable":true,"href":"https:\/\/bambapolitica.com.mx\/index.php\/wp-json\/wp\/v2\/users\/3"}],"replies":[{"embeddable":true,"href":"https:\/\/bambapolitica.com.mx\/index.php\/wp-json\/wp\/v2\/comments?post=53162"}],"version-history":[{"count":1,"href":"https:\/\/bambapolitica.com.mx\/index.php\/wp-json\/wp\/v2\/posts\/53162\/revisions"}],"predecessor-version":[{"id":53164,"href":"https:\/\/bambapolitica.com.mx\/index.php\/wp-json\/wp\/v2\/posts\/53162\/revisions\/53164"}],"wp:featuredmedia":[{"embeddable":true,"href":"https:\/\/bambapolitica.com.mx\/index.php\/wp-json\/wp\/v2\/media\/53163"}],"wp:attachment":[{"href":"https:\/\/bambapolitica.com.mx\/index.php\/wp-json\/wp\/v2\/media?parent=53162"}],"wp:term":[{"taxonomy":"category","embeddable":true,"href":"https:\/\/bambapolitica.com.mx\/index.php\/wp-json\/wp\/v2\/categories?post=53162"},{"taxonomy":"post_tag","embeddable":true,"href":"https:\/\/bambapolitica.com.mx\/index.php\/wp-json\/wp\/v2\/tags?post=53162"}],"curies":[{"name":"wp","href":"https:\/\/api.w.org\/{rel}","templated":true}]}}