{"id":53165,"date":"2022-11-22T08:33:02","date_gmt":"2022-11-22T14:33:02","guid":{"rendered":"http:\/\/bambapolitica.com.mx\/?p=53165"},"modified":"2022-11-22T08:33:04","modified_gmt":"2022-11-22T14:33:04","slug":"colima-registra-la-primera-muerte-por-influenza","status":"publish","type":"post","link":"https:\/\/bambapolitica.com.mx\/index.php\/2022\/11\/22\/colima-registra-la-primera-muerte-por-influenza\/","title":{"rendered":"Colima Registra la Primera Muerte por Influenza"},"content":{"rendered":"\n<p>martes, 22 de noviembre de 2022<\/p>\n\n\n\n<p>En lo que va de la temporada, se han confirmado tres defunciones en el pa\u00eds, las otras dos ocurrieron en Puebla y Yucat\u00e1n<\/p>\n\n\n\n<p>En las escuelas p\u00fablicas est\u00e1n exigiendo a los padres de familia que los ni\u00f1os est\u00e9n vacunados contra la influenza y el COVID-19<br>En Colima, se registr\u00f3 el primer fallecimiento por influenza, se trata de un hombre, adulto mayor, que acudi\u00f3 por atenci\u00f3n m\u00e9dica varios d\u00edas despu\u00e9s de los primeros s\u00edntomas y que no estaba vacunado contra la enfermedad.<br>\u201cS\u00ed, lamentablemente se registra un fallecimiento, es un masculino de 79 a\u00f1os de edad, antecedentes de vacunaci\u00f3n ten\u00eda vacuna COVID, m\u00e1s no ten\u00eda vacuna de influenza, s\u00ed, aparentemente pues el ingreso hospitalario fue por complicaciones\u201d, indic\u00f3 el doctor H\u00e9ctor Velazco Barreto, coordinador Estatal del Programa Urgencias Epidemi\u00f3logas y Desastres.<\/p>\n\n\n\n<p>En lo que va de la temporada, se han confirmado tres defunciones en el pa\u00eds, las otras dos ocurrieron en Puebla y Yucat\u00e1n.<\/p>\n\n\n\n<p>En Colima, los contagios siguen en aumento, actualmente es la segunda entidad a nivel nacional con m\u00e1s casos, con un registro de 114, superado por Nuevo Le\u00f3n con 114 casos, le siguen Baja California Sur con 45, Puebla con 31 y Veracruz con 27 casos.<\/p>\n\n\n\n<p>Debido al repunte de la enfermedad, hay gran afluencia en los centros de vacunaci\u00f3n, y desabasto en algunas instituciones como el Instituto de Seguridad y Servicios Sociales de los Trabajadores del Estado (ISSSTE).<\/p>\n\n\n\n<p>Los adultos mayores y las personas con alguna discapacidad son vacunados sin bajarse del auto.<\/p>\n\n\n\n<p>\u201cUna gran ventaja porque vienen hasta aqu\u00ed, que no puede uno caminar, bueno ahorita tengo problemas del tobillo\u201d, asegur\u00f3 Mar\u00eda Guadalupe Figueroa, habitante.<\/p>\n\n\n\n<p>En las escuelas p\u00fablicas est\u00e1n exigiendo a los padres de familia que los ni\u00f1os est\u00e9n vacunados contra la influenza y el COVID-19.<\/p>\n\n\n\n<p>\u201cS\u00ed, de las dos cosas, del COVID y de la influenza, nos piden la cartilla cada cierto tiempo y tenemos que tener registrado todo\u201d, refiri\u00f3 Jessica Avalos, habitante.<\/p>\n\n\n\n<p>En lo que va de la temporada, en el pa\u00eds se han confirmado 539 casos positivos a influenza, principalmente en el grupo de edad de 25 a 29 a\u00f1os.<\/p>\n","protected":false},"excerpt":{"rendered":"<p>martes, 22 de noviembre de 2022 En lo que va de la temporada, se han&#8230;<\/p>\n","protected":false},"author":3,"featured_media":53166,"comment_status":"closed","ping_status":"closed","sticky":false,"template":"","format":"standard","meta":{"footnotes":""},"categories":[4],"tags":[],"class_list":["post-53165","post","type-post","status-publish","format-standard","has-post-thumbnail","hentry","category-noticias-del-dia"],"_links":{"self":[{"href":"https:\/\/bambapolitica.com.mx\/index.php\/wp-json\/wp\/v2\/posts\/53165","targetHints":{"allow":["GET"]}}],"collection":[{"href":"https:\/\/bambapolitica.com.mx\/index.php\/wp-json\/wp\/v2\/posts"}],"about":[{"href":"https:\/\/bambapolitica.com.mx\/index.php\/wp-json\/wp\/v2\/types\/post"}],"author":[{"embeddable":true,"href":"https:\/\/bambapolitica.com.mx\/index.php\/wp-json\/wp\/v2\/users\/3"}],"replies":[{"embeddable":true,"href":"https:\/\/bambapolitica.com.mx\/index.php\/wp-json\/wp\/v2\/comments?post=53165"}],"version-history":[{"count":1,"href":"https:\/\/bambapolitica.com.mx\/index.php\/wp-json\/wp\/v2\/posts\/53165\/revisions"}],"predecessor-version":[{"id":53167,"href":"https:\/\/bambapolitica.com.mx\/index.php\/wp-json\/wp\/v2\/posts\/53165\/revisions\/53167"}],"wp:featuredmedia":[{"embeddable":true,"href":"https:\/\/bambapolitica.com.mx\/index.php\/wp-json\/wp\/v2\/media\/53166"}],"wp:attachment":[{"href":"https:\/\/bambapolitica.com.mx\/index.php\/wp-json\/wp\/v2\/media?parent=53165"}],"wp:term":[{"taxonomy":"category","embeddable":true,"href":"https:\/\/bambapolitica.com.mx\/index.php\/wp-json\/wp\/v2\/categories?post=53165"},{"taxonomy":"post_tag","embeddable":true,"href":"https:\/\/bambapolitica.com.mx\/index.php\/wp-json\/wp\/v2\/tags?post=53165"}],"curies":[{"name":"wp","href":"https:\/\/api.w.org\/{rel}","templated":true}]}}