{"id":53168,"date":"2022-11-22T09:17:09","date_gmt":"2022-11-22T15:17:09","guid":{"rendered":"http:\/\/bambapolitica.com.mx\/?p=53168"},"modified":"2022-11-22T09:17:13","modified_gmt":"2022-11-22T15:17:13","slug":"guardia-nacional-envia-14-integrantes-a-mundial-de-qatar","status":"publish","type":"post","link":"https:\/\/bambapolitica.com.mx\/index.php\/2022\/11\/22\/guardia-nacional-envia-14-integrantes-a-mundial-de-qatar\/","title":{"rendered":"Guardia Nacional env\u00eda 14 integrantes a mundial de Qatar"},"content":{"rendered":"\n<p>martes, 22 de noviembre de 2022<\/p>\n\n\n\n<p>Los elementos brindar\u00e1n apoyo a la comitiva de la Secretar\u00eda de Relaciones Exteriores, que asesorar\u00e1 a los mexicanos en el evento.<br>La Guardia Nacional envi\u00f3 14 integrantes de la corporaci\u00f3n a Qatar, donde se lleva a cabo el mundial de futbol, con el fin de brindar apoyo a la comitiva de la Secretar\u00eda de Relaciones Exteriores (SRE), que asesorar\u00e1 a los mexicanos en el evento.<\/p>\n\n\n\n<p>El comandante, Luis Rodr\u00edguez Bucio, inform\u00f3 en La Ma\u00f1anera de este martes, que los uniformados arribaron a Qatar el 8 de noviembre y se regresar\u00e1n hasta el 21 de diciembre.<br>&#8220;Un aspecto importante es que la Guardia Nacional design\u00f3 14 integrantes para trasladarse a Qatar con motivo del Mundial de futbol. Estar\u00e1n del 8 de noviembre hasta el 21 de diciembre, como parte de la comitiva que est\u00e1 presente en este pa\u00eds y es encabezado por la Secretar\u00eda de Relaciones Exteriores&#8221;, dijo.<br>Detall\u00f3 que la misi\u00f3n de los oficiales &#8220;es coadyuvar con las autoridades consulares y diplom\u00e1ticas mexicanas, as\u00ed como con el gobierno de Qatar, en las diferentes sedes donde se desarrolla el Mundial de futbol.<\/p>\n\n\n\n<p>Destac\u00f3 que tambi\u00e9n asesorar\u00e1n y brindar\u00e1n informaci\u00f3n a los mexicanos que asistieron al evento, adem\u00e1s de difundir el respeto a la cultura de Qatar.<\/p>\n\n\n\n<p>&#8220;La finalidad es asistir y asesorar a los mexicanos que acuden a este evento, sus funciones, brindar informaci\u00f3n y asesor\u00eda a los connacionales, difundir el respeto a la cultura del pa\u00eds anfitri\u00f3n y brindar atenci\u00f3n a los mexicanos que la necesiten y acudan a esta justa mundialista &#8220;, agreg\u00f3.<\/p>\n\n\n\n<p>AMLO desea suerte a la selecci\u00f3n mexicana de futbol previo a partido en Qatar<\/p>\n\n\n\n<p>El presidente Andr\u00e9s Manuel L\u00f3pez Obrador dese\u00f3 suerte a la selecci\u00f3n mexicana de futbol en su partido contra Polonia que se llevar\u00e1 a cabo este martes 22 de noviembre en Qatar.<\/p>\n\n\n\n<p>&#8220;Tambi\u00e9n hace poco termin\u00f3 el juego de Arabia con Argentina, perdi\u00f3 Argentina, pero est\u00e1 comenzando el mundial. Vamos a estar muy pendientes del juego de M\u00e9xico con Polonia y deseamos de todo coraz\u00f3n que le vaya bien a la selecci\u00f3n de M\u00e9xico de futbol&#8221;, dijo en La Ma\u00f1anera en Palacio Nacional.<br>La selecci\u00f3n mexicana debutar\u00e1 ante Polonia en el Mundial de Qatar 2022, un duelo en el que los dirigidos por Gerardo Martino buscar\u00e1n iniciar con el pie derecho, llev\u00e1ndose la victoria.<\/p>\n\n\n\n<p>El combinado tricolor ha sido criticado por los \u00faltimos resultados obtenidos, pues no han convencido al 100 por ciento a la afici\u00f3n; sin embargo, han asegurado que tiene hambre de ganar.<\/p>\n\n\n\n<p>Aunque, los polacos no son un rival sencillo a vencer, pues entre su plantilla tienen a Robert Lewandoswki, quien puede ser letal frente al arco.<\/p>\n","protected":false},"excerpt":{"rendered":"<p>martes, 22 de noviembre de 2022 Los elementos brindar\u00e1n apoyo a la comitiva de la&#8230;<\/p>\n","protected":false},"author":3,"featured_media":53169,"comment_status":"closed","ping_status":"closed","sticky":false,"template":"","format":"standard","meta":{"footnotes":""},"categories":[4],"tags":[],"class_list":["post-53168","post","type-post","status-publish","format-standard","has-post-thumbnail","hentry","category-noticias-del-dia"],"_links":{"self":[{"href":"https:\/\/bambapolitica.com.mx\/index.php\/wp-json\/wp\/v2\/posts\/53168","targetHints":{"allow":["GET"]}}],"collection":[{"href":"https:\/\/bambapolitica.com.mx\/index.php\/wp-json\/wp\/v2\/posts"}],"about":[{"href":"https:\/\/bambapolitica.com.mx\/index.php\/wp-json\/wp\/v2\/types\/post"}],"author":[{"embeddable":true,"href":"https:\/\/bambapolitica.com.mx\/index.php\/wp-json\/wp\/v2\/users\/3"}],"replies":[{"embeddable":true,"href":"https:\/\/bambapolitica.com.mx\/index.php\/wp-json\/wp\/v2\/comments?post=53168"}],"version-history":[{"count":1,"href":"https:\/\/bambapolitica.com.mx\/index.php\/wp-json\/wp\/v2\/posts\/53168\/revisions"}],"predecessor-version":[{"id":53170,"href":"https:\/\/bambapolitica.com.mx\/index.php\/wp-json\/wp\/v2\/posts\/53168\/revisions\/53170"}],"wp:featuredmedia":[{"embeddable":true,"href":"https:\/\/bambapolitica.com.mx\/index.php\/wp-json\/wp\/v2\/media\/53169"}],"wp:attachment":[{"href":"https:\/\/bambapolitica.com.mx\/index.php\/wp-json\/wp\/v2\/media?parent=53168"}],"wp:term":[{"taxonomy":"category","embeddable":true,"href":"https:\/\/bambapolitica.com.mx\/index.php\/wp-json\/wp\/v2\/categories?post=53168"},{"taxonomy":"post_tag","embeddable":true,"href":"https:\/\/bambapolitica.com.mx\/index.php\/wp-json\/wp\/v2\/tags?post=53168"}],"curies":[{"name":"wp","href":"https:\/\/api.w.org\/{rel}","templated":true}]}}