{"id":53171,"date":"2022-11-22T09:25:23","date_gmt":"2022-11-22T15:25:23","guid":{"rendered":"http:\/\/bambapolitica.com.mx\/?p=53171"},"modified":"2022-11-22T09:25:25","modified_gmt":"2022-11-22T15:25:25","slug":"investigan-muerte-de-migrante-senegales-en-separos-de-policia-oaxaca","status":"publish","type":"post","link":"https:\/\/bambapolitica.com.mx\/index.php\/2022\/11\/22\/investigan-muerte-de-migrante-senegales-en-separos-de-policia-oaxaca\/","title":{"rendered":"Investigan muerte de migrante senegal\u00e9s en separos de polic\u00eda Oaxaca"},"content":{"rendered":"\n<p>martes, 22 de noviembre de 2022<\/p>\n\n\n\n<p>Un migrante senegal\u00e9s muri\u00f3 en los separos de la polic\u00eda de Juchit\u00e1n, Oaxaca, se desconocen las causas, por lo que la Fiscal\u00eda estatal ya investiga lo ocurrido.<\/p>\n\n\n\n<p>La Fiscal\u00eda General de Justicia del estado de Oaxaca investiga la muerte de un migrante senegal\u00e9s ocurrida en instalaciones de la polic\u00eda municipal de Juchit\u00e1n.<\/p>\n\n\n\n<p>Dieng Mohammed originario de Senegal , fue detenido el domingo pasado cuando cruz\u00f3 corriendo en medio de las delegaciones escolares que participaban en el desfile del 20 de Noviembre en calles del municipio de Juchit\u00e1n.<\/p>\n\n\n\n<p>Videoaficionados dieron cuenta de su arresto por parte de polic\u00edas viales y elementos de Protecci\u00f3n Civil y minutos despu\u00e9s, se lo llev\u00f3 la polic\u00eda del municipio.<\/p>\n\n\n\n<p>Sin embargo, m\u00e1s tarde reportaron que hab\u00eda muerto dentro de la celda donde, curiosamente no hay c\u00e1maras de seguridad.<\/p>\n\n\n\n<p>Defensor\u00eda de DH investiga muerte de migrante senegal\u00e9s<br>Por su parte la Defensor\u00eda de los Derechos Humanos del Pueblo de Oaxaca, investiga las condiciones en las que se dio la muerte de una persona de origen africano, ocurrida en los separos municipales de Juchit\u00e1n de Zaragoza, Oaxaca.<\/p>\n\n\n\n<p>Ante ello, el organismo aut\u00f3nomo inici\u00f3 el expediente mediante el cual solicit\u00f3 informes al municipio respecto a los hechos en los que se registr\u00f3 el deceso, adem\u00e1s de que pidi\u00f3 a la Fiscal\u00eda General de Justicia del Estado rinda un informe sobre la carpeta de investigaci\u00f3n y copia del dictamen de necropsia de ley y certificado m\u00e9dico de fallecimiento.<\/p>\n\n\n\n<p>Reportan m\u00e1s muertes en centros de detenci\u00f3n<br>La DDHPO se\u00f1al\u00f3 que en este a\u00f1o se han registrado cinco defunciones en centros de detenci\u00f3n municipal, ocurridos en Salina Cruz, Santa Mar\u00eda Huatulco, Santa Catarina Juquila, Tlalixtac y Juchit\u00e1n de Zaragoza, de los cuales dos corresponden a personas extranjeras.<\/p>\n\n\n\n<p>Mientras que, de enero de 2015 a la fecha se han registrado 18 defunciones de personas en centros de detenci\u00f3n municipal.<\/p>\n\n\n\n<p>Ante ello, el organismo aut\u00f3nomo ha se\u00f1alado que este tipo de lugares requieren el establecimiento protocolos de atenci\u00f3n, contar con m\u00e9dicos, as\u00ed como c\u00e1maras de seguridad.<\/p>\n\n\n\n<p>Insisti\u00f3 en la importancia de atender las causas estructurales que dan origen a este tipo de situaciones, adem\u00e1s de la necesidad de regular estos espacios y tomar acciones de prevenci\u00f3n, por lo que es necesario brindar a las autoridades municipales herramientas y estrategias que les ayuden a realizar su funci\u00f3n con el pleno respeto a los derechos humanos, as\u00ed como sensibilizarlos respecto a que la integridad de las personas que est\u00e1n bajo su resguardo son su responsabilidad.<\/p>\n\n\n\n<p>La Defensor\u00eda de los Derechos Humanos del Pueblo de Oaxaca puntualiz\u00f3 que las personas migrantes m\u00e1s all\u00e1 de su estatus migratorio conservan sus derechos humanos, por ello, el Estado debe articular pol\u00edticas p\u00fablicas que permitan salvaguardar su integridad y dignidad.<\/p>\n\n\n\n<p>A\u00f1adi\u00f3 que el fen\u00f3meno migratorio es complejo, sin embargo, todas las instituciones del Estado tienen la obligaci\u00f3n de que en sus acciones, programas y pol\u00edticas p\u00fablicas para atender la migraci\u00f3n lleven un enfoque de derechos humanos, adem\u00e1s de priorizar el principio pro persona, es decir, que se coloque en el centro de la toma de decisiones a las personas migrantes.<\/p>\n\n\n\n<p>Finalmente, la Defensor\u00eda record\u00f3 que todas las autoridades tienen la obligaci\u00f3n de proteger los derechos humanos de todas las personas, ya sea que est\u00e9n en custodia de la autoridad o independientemente de su situaci\u00f3n migratoria, es su deber procurar salvaguardar la integridad, dignidad y la vida de todas las personas.<\/p>\n","protected":false},"excerpt":{"rendered":"<p>martes, 22 de noviembre de 2022 Un migrante senegal\u00e9s muri\u00f3 en los separos de la&#8230;<\/p>\n","protected":false},"author":3,"featured_media":53172,"comment_status":"closed","ping_status":"closed","sticky":false,"template":"","format":"standard","meta":{"footnotes":""},"categories":[4],"tags":[],"class_list":["post-53171","post","type-post","status-publish","format-standard","has-post-thumbnail","hentry","category-noticias-del-dia"],"_links":{"self":[{"href":"https:\/\/bambapolitica.com.mx\/index.php\/wp-json\/wp\/v2\/posts\/53171","targetHints":{"allow":["GET"]}}],"collection":[{"href":"https:\/\/bambapolitica.com.mx\/index.php\/wp-json\/wp\/v2\/posts"}],"about":[{"href":"https:\/\/bambapolitica.com.mx\/index.php\/wp-json\/wp\/v2\/types\/post"}],"author":[{"embeddable":true,"href":"https:\/\/bambapolitica.com.mx\/index.php\/wp-json\/wp\/v2\/users\/3"}],"replies":[{"embeddable":true,"href":"https:\/\/bambapolitica.com.mx\/index.php\/wp-json\/wp\/v2\/comments?post=53171"}],"version-history":[{"count":1,"href":"https:\/\/bambapolitica.com.mx\/index.php\/wp-json\/wp\/v2\/posts\/53171\/revisions"}],"predecessor-version":[{"id":53173,"href":"https:\/\/bambapolitica.com.mx\/index.php\/wp-json\/wp\/v2\/posts\/53171\/revisions\/53173"}],"wp:featuredmedia":[{"embeddable":true,"href":"https:\/\/bambapolitica.com.mx\/index.php\/wp-json\/wp\/v2\/media\/53172"}],"wp:attachment":[{"href":"https:\/\/bambapolitica.com.mx\/index.php\/wp-json\/wp\/v2\/media?parent=53171"}],"wp:term":[{"taxonomy":"category","embeddable":true,"href":"https:\/\/bambapolitica.com.mx\/index.php\/wp-json\/wp\/v2\/categories?post=53171"},{"taxonomy":"post_tag","embeddable":true,"href":"https:\/\/bambapolitica.com.mx\/index.php\/wp-json\/wp\/v2\/tags?post=53171"}],"curies":[{"name":"wp","href":"https:\/\/api.w.org\/{rel}","templated":true}]}}