{"id":53180,"date":"2022-11-22T09:36:53","date_gmt":"2022-11-22T15:36:53","guid":{"rendered":"http:\/\/bambapolitica.com.mx\/?p=53180"},"modified":"2022-11-22T09:36:58","modified_gmt":"2022-11-22T15:36:58","slug":"hombre-recibe-45-anos-de-prision-por-explotacion-sexual-contra-jovencita-en-edomex","status":"publish","type":"post","link":"https:\/\/bambapolitica.com.mx\/index.php\/2022\/11\/22\/hombre-recibe-45-anos-de-prision-por-explotacion-sexual-contra-jovencita-en-edomex\/","title":{"rendered":"Hombre recibe 45 a\u00f1os de prisi\u00f3n por explotaci\u00f3n sexual contra jovencita en Edomex"},"content":{"rendered":"\n<p>martes, 22 de noviembre de 2022<\/p>\n\n\n\n<p>El crimen fue en contra de una joven de 23 a\u00f1os, quien era su pareja sentimental.<\/p>\n\n\n\n<p>Miguel \u00c1ngel Mart\u00ednez Ben\u00edtez fue sentenciado a 45 a\u00f1os de prisi\u00f3n, luego de que la Fiscal\u00eda General de Justicia del Estado de M\u00e9xico (FGJEM) acredit\u00f3 su participaci\u00f3n en el delito de trata de personas en el municipio de Huixquilucan, en la modalidad de explotaci\u00f3n sexual, en contra de una joven de 23 a\u00f1os, quien era su pareja sentimental. Los hechos ocurrieron en julio de 2019 cuando la v\u00edctima y el ahora sentenciado se encontraban en un inmueble, donde este individuo amenaz\u00f3 y oblig\u00f3 a su pareja sentimental a sostener relaciones sexuales con un hombre a cambio de dinero. La v\u00edctima denunci\u00f3 los hechos ante la FGJEM en abril de 2020 por lo que fue iniciada la indagatoria respectiva por el delito de trata de personas. Con el avance en la investigaci\u00f3n, el agente del Ministerio P\u00fablico solicit\u00f3 a la Autoridad Judicial librar orden de aprehensi\u00f3n en contra de este individuo. Tras ser aprehendido Miguel \u00c1ngel fue ingresado al Centro Penitenciario y de Reinserci\u00f3n Social de Tlalnepantla, donde qued\u00f3 a disposici\u00f3n de la Autoridad Judicial, quien luego de revisar los datos de prueba recabados le dict\u00f3 una condena de 45 a\u00f1os de prisi\u00f3n por el delito de trata de personas. Adem\u00e1s de la pena privativa de libertad, este individuo deber\u00e1 pagar una multa de 1 mill\u00f3n 125 mil pesos y 63 mil 444 como reparaci\u00f3n del da\u00f1o.<\/p>\n","protected":false},"excerpt":{"rendered":"<p>martes, 22 de noviembre de 2022 El crimen fue en contra de una joven de&#8230;<\/p>\n","protected":false},"author":3,"featured_media":53181,"comment_status":"closed","ping_status":"closed","sticky":false,"template":"","format":"standard","meta":{"footnotes":""},"categories":[2],"tags":[],"class_list":["post-53180","post","type-post","status-publish","format-standard","has-post-thumbnail","hentry","category-policiaca"],"_links":{"self":[{"href":"https:\/\/bambapolitica.com.mx\/index.php\/wp-json\/wp\/v2\/posts\/53180","targetHints":{"allow":["GET"]}}],"collection":[{"href":"https:\/\/bambapolitica.com.mx\/index.php\/wp-json\/wp\/v2\/posts"}],"about":[{"href":"https:\/\/bambapolitica.com.mx\/index.php\/wp-json\/wp\/v2\/types\/post"}],"author":[{"embeddable":true,"href":"https:\/\/bambapolitica.com.mx\/index.php\/wp-json\/wp\/v2\/users\/3"}],"replies":[{"embeddable":true,"href":"https:\/\/bambapolitica.com.mx\/index.php\/wp-json\/wp\/v2\/comments?post=53180"}],"version-history":[{"count":1,"href":"https:\/\/bambapolitica.com.mx\/index.php\/wp-json\/wp\/v2\/posts\/53180\/revisions"}],"predecessor-version":[{"id":53182,"href":"https:\/\/bambapolitica.com.mx\/index.php\/wp-json\/wp\/v2\/posts\/53180\/revisions\/53182"}],"wp:featuredmedia":[{"embeddable":true,"href":"https:\/\/bambapolitica.com.mx\/index.php\/wp-json\/wp\/v2\/media\/53181"}],"wp:attachment":[{"href":"https:\/\/bambapolitica.com.mx\/index.php\/wp-json\/wp\/v2\/media?parent=53180"}],"wp:term":[{"taxonomy":"category","embeddable":true,"href":"https:\/\/bambapolitica.com.mx\/index.php\/wp-json\/wp\/v2\/categories?post=53180"},{"taxonomy":"post_tag","embeddable":true,"href":"https:\/\/bambapolitica.com.mx\/index.php\/wp-json\/wp\/v2\/tags?post=53180"}],"curies":[{"name":"wp","href":"https:\/\/api.w.org\/{rel}","templated":true}]}}