{"id":53186,"date":"2022-11-23T19:21:48","date_gmt":"2022-11-24T01:21:48","guid":{"rendered":"http:\/\/bambapolitica.com.mx\/?p=53186"},"modified":"2022-11-23T19:21:51","modified_gmt":"2022-11-24T01:21:51","slug":"layda-sansores-incurrio-en-violencia-politica-de-genero-contra-diputadas-del-pri-tepjf","status":"publish","type":"post","link":"https:\/\/bambapolitica.com.mx\/index.php\/2022\/11\/23\/layda-sansores-incurrio-en-violencia-politica-de-genero-contra-diputadas-del-pri-tepjf\/","title":{"rendered":"Layda Sansores incurri\u00f3 en violencia pol\u00edtica de g\u00e9nero contra diputadas del PRI: TEPJF"},"content":{"rendered":"\n<p>23 noviembre 2022.<\/p>\n\n\n\n<p>Layda Sansores deber\u00e1 ofrecer una disculpa p\u00fablica en su programa \u2018El Martes del Jaguar\u2019 y en su cuenta de Twitter a las diputadas de PRI<\/p>\n\n\n\n<p>La Sala Superior del Tribunal Electoral del Poder Judicial de la Federaci\u00f3n (TEPJF) determin\u00f3 por mayor\u00eda de votos que la gobernadora de Campeche, Layda Sansores San Rom\u00e1n, incurri\u00f3 en violencia pol\u00edtica de g\u00e9nero al manifestar la existencia de fotograf\u00edas de car\u00e1cter \u00edntimo de algunas diputadas federales del PRI.<\/p>\n\n\n\n<p>Lo anterior lo hizo la mandataria capitalina en su programa \u2018Martes del Jaguar\u2019, en el que adem\u00e1s sostuvo que las legisladoras tuvieron que enviar esas im\u00e1genes a su dirigente para alcanzar sus puestos.<\/p>\n\n\n\n<p>Las declaraciones fueron retomadas y difundidas por diversos medios de comunicaci\u00f3n.<\/p>\n\n\n\n<p>Una diputada federal del PRI acudi\u00f3 ante el Tribunal Electoral para interponer una denuncia, considerando que las declaraciones de Sansores San Rom\u00e1n excedieron la libre expresi\u00f3n y constituyeron violencia pol\u00edtica de g\u00e9nero.<\/p>\n\n\n\n<p>La Sala Superior en sesi\u00f3n presencial, determin\u00f3 que las manifestaciones de Layda Sansores afectaron los derechos pol\u00edtico-electorales de las diputadas federales del PRI, ya que afectaron el goce y ejercicio del cargo para el que fueron electas.<\/p>\n\n\n\n<p>Por lo anterior, se orden\u00f3 a la gobernadora de Campeche que elimine todas las publicaciones en las que se difunda el mensaje denunciado, tanto en sus redes sociales, como en las del gobierno del estado.<\/p>\n\n\n\n<p>Adem\u00e1s, se orden\u00f3 a la gobernadora que se abstenga de emitir comentarios sobre las fotograf\u00edas de las diputadas, adem\u00e1s de que deber\u00e1 emitir una disculpa p\u00fablica en el programa \u201cMartes del Jaguar\u201d y a trav\u00e9s de su cuenta de Twitter.<\/p>\n\n\n\n<p>En este sentido, la Sala Superior consider\u00f3 que la empresa Meta, as\u00ed como sus filiales Facebook, Instagram y WhatsApp, deben asegurarse de que en M\u00e9xico se atiendan posibles actos de violencia pol\u00edtica de g\u00e9nero.<\/p>\n\n\n\n<p>Finalmente, se le orden\u00f3 a la empresa Meta ampliar sus pol\u00edticas para que se detecten, eliminen y reporten los casos de violencia pol\u00edtica de g\u00e9nero. Esto, con la finalidad de denunciar o, en su caso, coadyuvar en el seguimiento de denuncias. Por tanto, una vez que se cuenten con esas pol\u00edticas, se deber\u00e1n informar p\u00fablicamente.<\/p>\n\n\n\n<p>Al respecto, la magistrada M\u00f3nica Aral\u00ed Soto Fregoso se manifest\u00f3 en contra del criterio y el magistrado Indalfer Infante Gonzales se apart\u00f3 de una de las medidas de reparaci\u00f3n ordenadas. Espec\u00edficamente, de la emisi\u00f3n de una disculpa p\u00fablica (SUP-JDC-613\/2022).<\/p>\n","protected":false},"excerpt":{"rendered":"<p>23 noviembre 2022. Layda Sansores deber\u00e1 ofrecer una disculpa p\u00fablica en su programa \u2018El Martes&#8230;<\/p>\n","protected":false},"author":3,"featured_media":53187,"comment_status":"closed","ping_status":"closed","sticky":false,"template":"","format":"standard","meta":{"footnotes":""},"categories":[4],"tags":[],"class_list":["post-53186","post","type-post","status-publish","format-standard","has-post-thumbnail","hentry","category-noticias-del-dia"],"_links":{"self":[{"href":"https:\/\/bambapolitica.com.mx\/index.php\/wp-json\/wp\/v2\/posts\/53186","targetHints":{"allow":["GET"]}}],"collection":[{"href":"https:\/\/bambapolitica.com.mx\/index.php\/wp-json\/wp\/v2\/posts"}],"about":[{"href":"https:\/\/bambapolitica.com.mx\/index.php\/wp-json\/wp\/v2\/types\/post"}],"author":[{"embeddable":true,"href":"https:\/\/bambapolitica.com.mx\/index.php\/wp-json\/wp\/v2\/users\/3"}],"replies":[{"embeddable":true,"href":"https:\/\/bambapolitica.com.mx\/index.php\/wp-json\/wp\/v2\/comments?post=53186"}],"version-history":[{"count":1,"href":"https:\/\/bambapolitica.com.mx\/index.php\/wp-json\/wp\/v2\/posts\/53186\/revisions"}],"predecessor-version":[{"id":53188,"href":"https:\/\/bambapolitica.com.mx\/index.php\/wp-json\/wp\/v2\/posts\/53186\/revisions\/53188"}],"wp:featuredmedia":[{"embeddable":true,"href":"https:\/\/bambapolitica.com.mx\/index.php\/wp-json\/wp\/v2\/media\/53187"}],"wp:attachment":[{"href":"https:\/\/bambapolitica.com.mx\/index.php\/wp-json\/wp\/v2\/media?parent=53186"}],"wp:term":[{"taxonomy":"category","embeddable":true,"href":"https:\/\/bambapolitica.com.mx\/index.php\/wp-json\/wp\/v2\/categories?post=53186"},{"taxonomy":"post_tag","embeddable":true,"href":"https:\/\/bambapolitica.com.mx\/index.php\/wp-json\/wp\/v2\/tags?post=53186"}],"curies":[{"name":"wp","href":"https:\/\/api.w.org\/{rel}","templated":true}]}}