{"id":53212,"date":"2022-11-25T07:39:04","date_gmt":"2022-11-25T13:39:04","guid":{"rendered":"http:\/\/bambapolitica.com.mx\/?p=53212"},"modified":"2022-11-25T07:39:07","modified_gmt":"2022-11-25T13:39:07","slug":"marcharan-en-cdmx-por-dia-de-la-eliminacion-de-la-violencia-contra-la-mujer","status":"publish","type":"post","link":"https:\/\/bambapolitica.com.mx\/index.php\/2022\/11\/25\/marcharan-en-cdmx-por-dia-de-la-eliminacion-de-la-violencia-contra-la-mujer\/","title":{"rendered":"Marchar\u00e1n en CDMX por D\u00eda de la Eliminaci\u00f3n de la Violencia contra la Mujer"},"content":{"rendered":"\n<p>viernes, 25 de noviembre de 2022<\/p>\n\n\n\n<p>En el marco del D\u00eda de la Eliminaci\u00f3n de la Violencia contra la Mujer se llevar\u00e1n a cabo en la CDMX al menos ocho marchas<\/p>\n\n\n\n<p>Este 25 de noviembre se conmemora el D\u00eda de la Eliminaci\u00f3n de la Violencia contra la Mujer, motivo por el cual se llevar\u00e1n a cabo al menos ocho marchas y m\u00faltiples concentraciones en la Ciudad de M\u00e9xico.<\/p>\n\n\n\n<p>A las 12:00 h se llevar\u00e1 a cabo la marcha \u2018Yo s\u00ed te creo; no est\u00e1s sola\u2019, que partir\u00e1 del Monumento a la Revoluci\u00f3n.<\/p>\n\n\n\n<p>Asimismo partir\u00e1 un contingente de la Escuela Nacional Preparatoria No. 6 hacia el centro de Coyoac\u00e1n.<\/p>\n\n\n\n<p>A las 13:00 h el Frente Nacional contra la Violencia Vicaria marchar\u00e1 del \u00c1ngel de la Independencia al Z\u00f3calo.<\/p>\n\n\n\n<p>A las 14:30 h saldr\u00e1 una marcha del Monumento de la Revoluci\u00f3n al Z\u00f3calo con el objetivo de visibilizar la violencia de g\u00e9nero dentro del Instituto Polit\u00e9cnico Nacional (IPN).<\/p>\n\n\n\n<p>A las 15:00 h saldr\u00e1 una marcha de la Estela de Luz.<\/p>\n\n\n\n<p>A las 15:30 h se tienen programadas dos marchas. La primera de la Glorieta de las Mujeres que Luchan al Z\u00f3calo, y la segunda del Monumento a la Revoluci\u00f3n a un lugar por definir.<\/p>\n\n\n\n<p>Finalmente a las 18:00 h se espera una marcha-velada de la explanada de la alcald\u00eda Milpa Alta a un lugar por definir.<\/p>\n\n\n\n<p>Las autoridades tambi\u00e9n advierten que a las 16:30 h se realizar\u00e1 la rodada \u2018Las calles son nuestras\u2019 de la Antimonumenta contra el Feminicidio a la explanada de la alcald\u00eda Xochimilco.<\/p>\n\n\n\n<p>A las 21:00 h habr\u00e1 una \u201crodada naranja\u201d del \u00c1ngel de la Independencia al Z\u00f3calo con el objetivo de reconocer que las mujeres lideran, organizan y forman parte activa de los grupos urbanos de ciclismo en la capital.<\/p>\n\n\n\n<p>Por otra parte, a las 10:00 h se espera un Bazar Feminista en el Parque de la China de la alcald\u00eda Azcapotzalco en el que habr\u00e1 mesas de servicios de prevenci\u00f3n de la violencia.<\/p>\n\n\n\n<p>A las 12:00 h se espera una concentraci\u00f3n del Frente Nacional Mujeres Mx en los Juzgados Familiares de la Ciudad de M\u00e9xico.<\/p>\n\n\n\n<p>A la misma hora la colectiva \u2018Las Siemprevivas\u2019 se agrupar\u00e1n en el Centro Cultural Universitario (CCU) Tlatelolco.<\/p>\n\n\n\n<p>Y la colectiva \u2018Antimonumenta Vivas nos Queremos\u2019 se reunir\u00e1 en la Glorieta de las Mujeres que Luchan.<\/p>\n\n\n\n<p>A las 14:30 h llegar\u00e1n a la Glorieta de las Mujeres que Luchan familiares de v\u00edctimas de feminicidio y desaparici\u00f3n forzada.<\/p>\n\n\n\n<p>A las 13:00 h se concentrar\u00e1 la colectiva \u2018Por ti, por m\u00ed, por todas, por nosotras\u2019 en la Glorieta de las Mujeres que Luchan.<\/p>\n","protected":false},"excerpt":{"rendered":"<p>viernes, 25 de noviembre de 2022 En el marco del D\u00eda de la Eliminaci\u00f3n de&#8230;<\/p>\n","protected":false},"author":3,"featured_media":53213,"comment_status":"closed","ping_status":"closed","sticky":false,"template":"","format":"standard","meta":{"footnotes":""},"categories":[4],"tags":[],"class_list":["post-53212","post","type-post","status-publish","format-standard","has-post-thumbnail","hentry","category-noticias-del-dia"],"_links":{"self":[{"href":"https:\/\/bambapolitica.com.mx\/index.php\/wp-json\/wp\/v2\/posts\/53212","targetHints":{"allow":["GET"]}}],"collection":[{"href":"https:\/\/bambapolitica.com.mx\/index.php\/wp-json\/wp\/v2\/posts"}],"about":[{"href":"https:\/\/bambapolitica.com.mx\/index.php\/wp-json\/wp\/v2\/types\/post"}],"author":[{"embeddable":true,"href":"https:\/\/bambapolitica.com.mx\/index.php\/wp-json\/wp\/v2\/users\/3"}],"replies":[{"embeddable":true,"href":"https:\/\/bambapolitica.com.mx\/index.php\/wp-json\/wp\/v2\/comments?post=53212"}],"version-history":[{"count":1,"href":"https:\/\/bambapolitica.com.mx\/index.php\/wp-json\/wp\/v2\/posts\/53212\/revisions"}],"predecessor-version":[{"id":53214,"href":"https:\/\/bambapolitica.com.mx\/index.php\/wp-json\/wp\/v2\/posts\/53212\/revisions\/53214"}],"wp:featuredmedia":[{"embeddable":true,"href":"https:\/\/bambapolitica.com.mx\/index.php\/wp-json\/wp\/v2\/media\/53213"}],"wp:attachment":[{"href":"https:\/\/bambapolitica.com.mx\/index.php\/wp-json\/wp\/v2\/media?parent=53212"}],"wp:term":[{"taxonomy":"category","embeddable":true,"href":"https:\/\/bambapolitica.com.mx\/index.php\/wp-json\/wp\/v2\/categories?post=53212"},{"taxonomy":"post_tag","embeddable":true,"href":"https:\/\/bambapolitica.com.mx\/index.php\/wp-json\/wp\/v2\/tags?post=53212"}],"curies":[{"name":"wp","href":"https:\/\/api.w.org\/{rel}","templated":true}]}}