{"id":53215,"date":"2022-11-25T07:43:06","date_gmt":"2022-11-25T13:43:06","guid":{"rendered":"http:\/\/bambapolitica.com.mx\/?p=53215"},"modified":"2022-11-25T07:43:08","modified_gmt":"2022-11-25T13:43:08","slug":"accion-nacional-es-una-oposicion-responsable-dip-enrique-vargas","status":"publish","type":"post","link":"https:\/\/bambapolitica.com.mx\/index.php\/2022\/11\/25\/accion-nacional-es-una-oposicion-responsable-dip-enrique-vargas\/","title":{"rendered":"ACCI\u00d3N NACIONAL ES UNA OPOSICI\u00d3N RESPONSABLE: DIP. ENRIQUE VARGAS"},"content":{"rendered":"\n<p>viernes, 25 de noviembre de 2022<\/p>\n\n\n\n<p>&nbsp;&nbsp;Se debe tener un di\u00e1logo permanente con el sector empresarial<br>&nbsp;Las empresas son las que generan la mayor cantidad de empleos en el pa\u00eds<br>&nbsp;<br>Desde Acci\u00f3n Nacional hemos sido una oposici\u00f3n responsable, para defender el pa\u00eds porque as\u00ed lo exige la ciudadan\u00eda que quiere un M\u00e9xico mejor para las futuras generaciones, asegur\u00f3 el coordinador de la fracci\u00f3n parlamentaria del PAN en el congreso mexiquense, Enrique Vargas del Villar, durante un encuentro con integrantes del Consejo Coordinador Empresarial del Estado de M\u00e9xico, quien agreg\u00f3 que la sociedad ha manifestado su hartazgo frente a las malas decisiones del gobierno federal y por eso se ha organizado y participado como fue la marcha para defender la autonom\u00eda del INE.<br>&nbsp;<br>En el di\u00e1logo los empresarios mexiquenses, le manifestaron sus inquietudes en temas&nbsp; de seguridad, vialidad, marco regulatorio y crecimiento econ\u00f3mico, entre otros. En tanto que el diputado coment\u00f3 que un grave error fue el haber desaparecido el fondo de Fortalecimiento para Seguridad (Fortaseg), toda vez que los municipios quedaron desprotegidos al no tener recursos para que los polic\u00edas enfrenten mejor las organizaciones delictivas.<br>&nbsp;<br>Acompa\u00f1ado por la senadora Minerva Hern\u00e1ndez Ram\u00edrez; de la presidenta del CCEM, Laura Gonz\u00e1lez; as\u00ed como de las y los&nbsp; representantes del sector empresarial, Vargas del Villar reiter\u00f3 que la seguridad es la exigencia n\u00famero uno de la ciudadan\u00eda por lo que es urgente invertir en las polic\u00edas municipales, ya que la estrategia federal ha fracasado.<br>&nbsp;<br>Refrend\u00f3 que Acci\u00f3n Nacional est\u00e1 comprometido con el futuro del pa\u00eds por lo que es indispensable ganar 2023 y 2024, e insisti\u00f3 en que pasar\u00e1n muchos a\u00f1os para recuperar la confianza para invertir, por ello, desde Acci\u00f3n Nacional se est\u00e1 trabajando con la sociedad civil y en los congresos ha sido oposici\u00f3n responsable, porque la ciudadan\u00eda&nbsp; lo pide.<br>&nbsp;<br>&#8220;Acci\u00f3n Nacional est\u00e1 a comprometido con el futuro del pa\u00eds&#8221;, por ello, insisti\u00f3, en que no permitir\u00e1n que se vulnere al Instituto Nacional Electoral, a los tribunales y \u00f3rganos electorales locales.<br>&nbsp;<br>Asimismo, enfatiz\u00f3 que el futuro del pa\u00eds pasar\u00e1 antes por el estado de M\u00e9xico, por lo que se debe tener un papel activo en las decisiones pol\u00edticas de la entidad y del pa\u00eds.<\/p>\n","protected":false},"excerpt":{"rendered":"<p>viernes, 25 de noviembre de 2022 &nbsp;&nbsp;Se debe tener un di\u00e1logo permanente con el sector&#8230;<\/p>\n","protected":false},"author":3,"featured_media":53216,"comment_status":"closed","ping_status":"closed","sticky":false,"template":"","format":"standard","meta":{"footnotes":""},"categories":[4],"tags":[],"class_list":["post-53215","post","type-post","status-publish","format-standard","has-post-thumbnail","hentry","category-noticias-del-dia"],"_links":{"self":[{"href":"https:\/\/bambapolitica.com.mx\/index.php\/wp-json\/wp\/v2\/posts\/53215","targetHints":{"allow":["GET"]}}],"collection":[{"href":"https:\/\/bambapolitica.com.mx\/index.php\/wp-json\/wp\/v2\/posts"}],"about":[{"href":"https:\/\/bambapolitica.com.mx\/index.php\/wp-json\/wp\/v2\/types\/post"}],"author":[{"embeddable":true,"href":"https:\/\/bambapolitica.com.mx\/index.php\/wp-json\/wp\/v2\/users\/3"}],"replies":[{"embeddable":true,"href":"https:\/\/bambapolitica.com.mx\/index.php\/wp-json\/wp\/v2\/comments?post=53215"}],"version-history":[{"count":1,"href":"https:\/\/bambapolitica.com.mx\/index.php\/wp-json\/wp\/v2\/posts\/53215\/revisions"}],"predecessor-version":[{"id":53217,"href":"https:\/\/bambapolitica.com.mx\/index.php\/wp-json\/wp\/v2\/posts\/53215\/revisions\/53217"}],"wp:featuredmedia":[{"embeddable":true,"href":"https:\/\/bambapolitica.com.mx\/index.php\/wp-json\/wp\/v2\/media\/53216"}],"wp:attachment":[{"href":"https:\/\/bambapolitica.com.mx\/index.php\/wp-json\/wp\/v2\/media?parent=53215"}],"wp:term":[{"taxonomy":"category","embeddable":true,"href":"https:\/\/bambapolitica.com.mx\/index.php\/wp-json\/wp\/v2\/categories?post=53215"},{"taxonomy":"post_tag","embeddable":true,"href":"https:\/\/bambapolitica.com.mx\/index.php\/wp-json\/wp\/v2\/tags?post=53215"}],"curies":[{"name":"wp","href":"https:\/\/api.w.org\/{rel}","templated":true}]}}